{"id":156790,"date":"2025-10-04T16:56:13","date_gmt":"2025-10-04T16:56:13","guid":{"rendered":"https:\/\/www.europesays.com\/es\/156790\/"},"modified":"2025-10-04T16:56:13","modified_gmt":"2025-10-04T16:56:13","slug":"el-trumpista-andrej-babis-lidera-legislativas-checas-con-un-discurso-nacionalista-y-euroesceptico","status":"publish","type":"post","link":"https:\/\/www.europesays.com\/es\/156790\/","title":{"rendered":"El \u201ctrumpista\u201d Andrej Babis lidera legislativas checas con un discurso nacionalista y euroesc\u00e9ptico"},"content":{"rendered":"<p>    <img src=\"https:\/\/www.europesays.com\/es\/wp-content\/uploads\/2025\/10\/2025-10-04T153A053A29Z-90115037.jpg\" width=\"1024\" height=\"682\" alt=\"\" loading=\"eager\" decoding=\"sync\" fetchpriority=\"high\"\/><\/p>\n<p>            afp_tickers        <\/p>\n<p>        Este contenido fue publicado en    <\/p>\n<p>        04 octubre 2025 &#8211; 17:49\n<\/p>\n<p>El multimillonarioautoproclamado \u00abtrumpista\u00bb Andrej Babis encabeza las elecciones legislativas en la Rep\u00fablica Checa, seg\u00fan los resultados parciales correspondientes al 80% de los votos escrutados, tras conquistar a su electorado con la promesa de \u00abponer a los checos por delante de Ucrania\u00bb.<\/p>\n<p>Con 36,5% de los votos, supera ampliamente a la coalici\u00f3n gobernante del primer ministro de centroderecha, Petr Fiala, Juntos (21,8%), a los liberales de STAN (10,8%), al Partido Pirata (8,2%), a la extrema derecha del SPD (8,1%) y al partido La Voz de los Automovilistas (6,9%).<\/p>\n<p>La izquierda radical (\u00a1Ya basta!) no logr\u00f3 superar el umbral del 5% necesario para entrar en la C\u00e1mara, lo que limitar\u00e1 las posibilidades de coalici\u00f3n de Babis.<\/p>\n<p>\u00abLo que nos espera probablemente sea un gobierno encabezado por Andrej Babis, pero la cuesti\u00f3n es con qui\u00e9n se aliar\u00e1\u00bb, explic\u00f3 a la AFP Otto Eibl, analista de la universidad de Brno (sureste).<\/p>\n<p>\u00abEl SPD de Tomio Okamura ser\u00e1, en \u00faltima instancia, el actor decisivo\u00bb, a\u00f1adi\u00f3.<\/p>\n<p>A sus 71 a\u00f1os, el multimillonario nacido en Eslovaquia aspira a recuperar las riendas del pa\u00eds que ya dirigi\u00f3 entre 2017 y 2021, y para ello deber\u00e1 asegurarse una mayor\u00eda en los 200 esca\u00f1os de la Asamblea checa.<\/p>\n<p>Ocho millones de electores estaban convocados a elegir entre 4.463 candidatos de 26 formaciones pol\u00edticas, aunque solo seis de ellas parecen haber obtenido representaci\u00f3n parlamentaria.<\/p>\n<p>El regreso de Babis al poder podr\u00eda acercar la postura de Praga a las de Hungr\u00eda y Eslovaquia, pa\u00edses que se niegan a enviar ayuda militar a Ucrania y obstaculizan las sanciones contra Rusia.<\/p>\n<p>Babis cofund\u00f3 con Viktor Orban el grupo parlamentario euroesc\u00e9ptico Patriotas por Europa.<\/p>\n<p>Hasta ahora, la Rep\u00fablica Checa, con 10,9 millones de habitantes, apoya sin ambig\u00fcedades a Kiev frente a la invasi\u00f3n rusa, adem\u00e1s de acoger a m\u00e1s de 500.000 refugiados ucranianos, de los cuales unos 300.000 a\u00fan residen en el pa\u00eds.<\/p>\n<p>Sin embargo muchos ciudadanos reprochan al gobierno saliente de Petr Fiala haber descuidado a la poblaci\u00f3n local.<\/p>\n<p>Incluso unidas, las formaciones de la actual coalici\u00f3n no parecen en condiciones de conformar un bloque \u00abanti-Babis\u00bb, como ocurri\u00f3 en 2021.<\/p>\n<p>frj-bg\/oaa\/meb\/an\/mab\/eg<\/p>\n","protected":false},"excerpt":{"rendered":"afp_tickers Este contenido fue publicado en 04 octubre 2025 &#8211; 17:49 El multimillonarioautoproclamado \u00abtrumpista\u00bb Andrej Babis encabeza las&hellip;\n","protected":false},"author":2,"featured_media":156791,"comment_status":"","ping_status":"","sticky":false,"template":"","format":"standard","meta":{"footnotes":""},"categories":[5],"tags":[17,18,6654,25,24,13,14,11,19,20,46871,9,10,15,16,88,23,90,12,21,22,46872],"class_list":{"0":"post-156790","1":"post","2":"type-post","3":"status-publish","4":"format-standard","5":"has-post-thumbnail","7":"category-titulares","8":"tag-breaking-news","9":"tag-breakingnews","10":"tag-election","11":"tag-es","12":"tag-espana","13":"tag-featured-news","14":"tag-featurednews","15":"tag-headlines","16":"tag-latest-news","17":"tag-latestnews","18":"tag-national-elections","19":"tag-news","20":"tag-noticias","21":"tag-noticias-destacadas","22":"tag-noticiasdestacadas","23":"tag-politics","24":"tag-spain","25":"tag-ticker","26":"tag-titulares","27":"tag-ultimas-noticias","28":"tag-ultimasnoticias","29":"tag-voting"},"share_on_mastodon":{"url":"","error":""},"_links":{"self":[{"href":"https:\/\/www.europesays.com\/es\/wp-json\/wp\/v2\/posts\/156790","targetHints":{"allow":["GET"]}}],"collection":[{"href":"https:\/\/www.europesays.com\/es\/wp-json\/wp\/v2\/posts"}],"about":[{"href":"https:\/\/www.europesays.com\/es\/wp-json\/wp\/v2\/types\/post"}],"author":[{"embeddable":true,"href":"https:\/\/www.europesays.com\/es\/wp-json\/wp\/v2\/users\/2"}],"replies":[{"embeddable":true,"href":"https:\/\/www.europesays.com\/es\/wp-json\/wp\/v2\/comments?post=156790"}],"version-history":[{"count":0,"href":"https:\/\/www.europesays.com\/es\/wp-json\/wp\/v2\/posts\/156790\/revisions"}],"wp:featuredmedia":[{"embeddable":true,"href":"https:\/\/www.europesays.com\/es\/wp-json\/wp\/v2\/media\/156791"}],"wp:attachment":[{"href":"https:\/\/www.europesays.com\/es\/wp-json\/wp\/v2\/media?parent=156790"}],"wp:term":[{"taxonomy":"category","embeddable":true,"href":"https:\/\/www.europesays.com\/es\/wp-json\/wp\/v2\/categories?post=156790"},{"taxonomy":"post_tag","embeddable":true,"href":"https:\/\/www.europesays.com\/es\/wp-json\/wp\/v2\/tags?post=156790"}],"curies":[{"name":"wp","href":"https:\/\/api.w.org\/{rel}","templated":true}]}}