{"id":156792,"date":"2025-10-04T16:57:23","date_gmt":"2025-10-04T16:57:23","guid":{"rendered":"https:\/\/www.europesays.com\/es\/156792\/"},"modified":"2025-10-04T16:57:23","modified_gmt":"2025-10-04T16:57:23","slug":"el-balonmano-servigroup-benidorm-necesita-los-dos-puntos-para-ir-acomodandose-en-la-clasificacion","status":"publish","type":"post","link":"https:\/\/www.europesays.com\/es\/156792\/","title":{"rendered":"El Balonmano Servigroup Benidorm necesita los dos puntos para ir acomod\u00e1ndose en la clasificaci\u00f3n."},"content":{"rendered":"<p>El Balonmano Benidorm sigue intentando asentarse en la categor\u00eda, una categor\u00eda que ya ha dado se\u00f1ales de que no va a ser nada f\u00e1cil.<\/p>\n<p><a href=\"https:\/\/www.servigroup.es\/es\/\" target=\"_blank\" aria-label=\"logo servigroup grueso H\" rel=\"nofollow noopener\"><img loading=\"lazy\" decoding=\"async\" src=\"https:\/\/www.europesays.com\/es\/wp-content\/uploads\/2025\/09\/logo-servigroup-grueso-H.jpg\" alt=\"\"   width=\"700\" height=\"233\" style=\"display: inline-block;\"\/><\/a><\/p>\n<p>Tras la derrota por 34-32 la pasada jornada ante el Trops M\u00e1laga, los benidormenses vuelven al Palau d\u2019Esports l\u2019Illa, donde de momento han mostrado una cara diferente a la de los partidos disputados fuera de casa. Enfrente, un Club Balonmano Soria que no le va a poner las cosas nada f\u00e1ciles, un equipo que viene de vencer al Blendio Sinf\u00edn, con un juego con mucha continuidad en ataque y una defensa bien organizada.<\/p>\n<p>Los de Marko Krivokapic saben de la importancia de hacerse fuertes en casa, para ir sumando puntos que los vayan posicionando en la parte alta de la tabla.<\/p>\n<p>Para este partido, se espera que se incorpore alguno de los lesionados que llevan arrastrando desde la primera jornada que se jug\u00f3 en Burgos y vayan teniendo minutos seg\u00fan como vaya transcurriendo el encuetro.<\/p>\n<p>El partido se disputar\u00e1 el domingo 5 de Octubre a las 12:30H en el Palau d\u2019Esports l\u2019Illa de Benidorm y se podr\u00e1 ver por e canal de Youtube \u00a0del club.<\/p>\n<p><a href=\"https:\/\/www.servigroup.es\/es\/\" target=\"_blank\" aria-label=\"logo servigroup grueso H\" rel=\"nofollow noopener\"><img loading=\"lazy\" decoding=\"async\" src=\"https:\/\/www.europesays.com\/es\/wp-content\/uploads\/2025\/09\/logo-servigroup-grueso-H.jpg\" alt=\"\"   width=\"700\" height=\"233\" style=\"display: inline-block;\"\/><\/a><\/p>\n","protected":false},"excerpt":{"rendered":"El Balonmano Benidorm sigue intentando asentarse en la categor\u00eda, una categor\u00eda que ya ha dado se\u00f1ales de que&hellip;\n","protected":false},"author":2,"featured_media":156793,"comment_status":"","ping_status":"","sticky":false,"template":"","format":"standard","meta":{"footnotes":""},"categories":[278],"tags":[376,1798,168,25,24,375,22611,246,23,167],"class_list":{"0":"post-156792","1":"post","2":"type-post","3":"status-publish","4":"format-standard","5":"has-post-thumbnail","7":"category-balonmano","8":"tag-balonmano","9":"tag-club","10":"tag-deportes","11":"tag-es","12":"tag-espana","13":"tag-handball","14":"tag-previa","15":"tag-soria","16":"tag-spain","17":"tag-sports"},"share_on_mastodon":{"url":"","error":""},"_links":{"self":[{"href":"https:\/\/www.europesays.com\/es\/wp-json\/wp\/v2\/posts\/156792","targetHints":{"allow":["GET"]}}],"collection":[{"href":"https:\/\/www.europesays.com\/es\/wp-json\/wp\/v2\/posts"}],"about":[{"href":"https:\/\/www.europesays.com\/es\/wp-json\/wp\/v2\/types\/post"}],"author":[{"embeddable":true,"href":"https:\/\/www.europesays.com\/es\/wp-json\/wp\/v2\/users\/2"}],"replies":[{"embeddable":true,"href":"https:\/\/www.europesays.com\/es\/wp-json\/wp\/v2\/comments?post=156792"}],"version-history":[{"count":0,"href":"https:\/\/www.europesays.com\/es\/wp-json\/wp\/v2\/posts\/156792\/revisions"}],"wp:featuredmedia":[{"embeddable":true,"href":"https:\/\/www.europesays.com\/es\/wp-json\/wp\/v2\/media\/156793"}],"wp:attachment":[{"href":"https:\/\/www.europesays.com\/es\/wp-json\/wp\/v2\/media?parent=156792"}],"wp:term":[{"taxonomy":"category","embeddable":true,"href":"https:\/\/www.europesays.com\/es\/wp-json\/wp\/v2\/categories?post=156792"},{"taxonomy":"post_tag","embeddable":true,"href":"https:\/\/www.europesays.com\/es\/wp-json\/wp\/v2\/tags?post=156792"}],"curies":[{"name":"wp","href":"https:\/\/api.w.org\/{rel}","templated":true}]}}