{"id":156794,"date":"2025-10-04T16:58:09","date_gmt":"2025-10-04T16:58:09","guid":{"rendered":"https:\/\/www.europesays.com\/es\/156794\/"},"modified":"2025-10-04T16:58:09","modified_gmt":"2025-10-04T16:58:09","slug":"en-directo-el-cartelazo-de-la-confirmacion-de-jarocho-con-talavante-y-aguado","status":"publish","type":"post","link":"https:\/\/www.europesays.com\/es\/156794\/","title":{"rendered":"En directo el cartelazo de la confirmaci\u00f3n de Jarocho con Talavante y Aguado"},"content":{"rendered":"<p>El primero de la tarde abr\u00eda mucho la cara. En los primeros capotazos arrebat\u00f3 el capote a <strong>Jarocho. \u00c1ngel G\u00f3mez Escorial<\/strong> lo par\u00f3 con limpieza. Apunt\u00f3 falta de fuerza. Talavante intervino en quites y el toricantano le respondi\u00f3 con actitud. Tras el intercambio de trastos, Jarocho trat\u00f3 de estructurar una faena con serenidad. No cogi\u00f3 vuelo el trasteo por la falta de fuerza que condicion\u00f3 el recorrido. Dos pinchazos. Silencio.<\/p>\n<p><strong>Madrid<\/strong>. S\u00e1bado 4 de octubre de 2025. Toros de <strong>Domingo Hern\u00e1ndez. Alejandro Talavante<\/strong>, ; <strong>Pablo Aguado<\/strong>, ; y<strong> Jarocho<\/strong>, que confirmaba alternativa, silencio. <strong>Entrada<\/strong>: Lleno.<\/p>\n","protected":false},"excerpt":{"rendered":"El primero de la tarde abr\u00eda mucho la cara. En los primeros capotazos arrebat\u00f3 el capote a Jarocho.&hellip;\n","protected":false},"author":2,"featured_media":156795,"comment_status":"","ping_status":"","sticky":false,"template":"","format":"standard","meta":{"footnotes":""},"categories":[277],"tags":[5998,373,14763,168,25,24,3727,23383,205,46873,1227,23,167,6142,374],"class_list":{"0":"post-156794","1":"post","2":"type-post","3":"status-publish","4":"format-standard","5":"has-post-thumbnail","7":"category-toreo","8":"tag-aguado","9":"tag-bullfighting","10":"tag-confirmacion","11":"tag-deportes","12":"tag-es","13":"tag-espana","14":"tag-feria-de-otono","15":"tag-jarocho","16":"tag-madrid","17":"tag-noticias-de-toroa","18":"tag-noticias-taurinas","19":"tag-spain","20":"tag-sports","21":"tag-talavante","22":"tag-toreo"},"share_on_mastodon":{"url":"","error":""},"_links":{"self":[{"href":"https:\/\/www.europesays.com\/es\/wp-json\/wp\/v2\/posts\/156794","targetHints":{"allow":["GET"]}}],"collection":[{"href":"https:\/\/www.europesays.com\/es\/wp-json\/wp\/v2\/posts"}],"about":[{"href":"https:\/\/www.europesays.com\/es\/wp-json\/wp\/v2\/types\/post"}],"author":[{"embeddable":true,"href":"https:\/\/www.europesays.com\/es\/wp-json\/wp\/v2\/users\/2"}],"replies":[{"embeddable":true,"href":"https:\/\/www.europesays.com\/es\/wp-json\/wp\/v2\/comments?post=156794"}],"version-history":[{"count":0,"href":"https:\/\/www.europesays.com\/es\/wp-json\/wp\/v2\/posts\/156794\/revisions"}],"wp:featuredmedia":[{"embeddable":true,"href":"https:\/\/www.europesays.com\/es\/wp-json\/wp\/v2\/media\/156795"}],"wp:attachment":[{"href":"https:\/\/www.europesays.com\/es\/wp-json\/wp\/v2\/media?parent=156794"}],"wp:term":[{"taxonomy":"category","embeddable":true,"href":"https:\/\/www.europesays.com\/es\/wp-json\/wp\/v2\/categories?post=156794"},{"taxonomy":"post_tag","embeddable":true,"href":"https:\/\/www.europesays.com\/es\/wp-json\/wp\/v2\/tags?post=156794"}],"curies":[{"name":"wp","href":"https:\/\/api.w.org\/{rel}","templated":true}]}}