{"id":156796,"date":"2025-10-04T17:02:11","date_gmt":"2025-10-04T17:02:11","guid":{"rendered":"https:\/\/www.europesays.com\/es\/156796\/"},"modified":"2025-10-04T17:02:11","modified_gmt":"2025-10-04T17:02:11","slug":"wilson-pena-se-impone-en-la-crono-final-del-clasico-rcn-pero-diego-camargo-se-corona-campeon-esciclismo","status":"publish","type":"post","link":"https:\/\/www.europesays.com\/es\/156796\/","title":{"rendered":"Wilson Pe\u00f1a se impone en la crono final del Cl\u00e1sico RCN pero Diego Camargo se corona campe\u00f3n &#8211; Esciclismo"},"content":{"rendered":"<ol>\n<li><a href=\"https:\/\/news.google.com\/rss\/articles\/CBMiakFVX3lxTE1KV09YYWRZYmlFZHZWengwY3FsZGdOV2pteVVqanVYdzBSQ2NaZFlUajlwRGhjbGZONUhUdFhzRG0waGRVcFBJcUpGckRoM08zLWJzQlRBUlFOXzNKYktGUEFUZmFmaHJacVE?oc=5\" target=\"_blank\" rel=\"nofollow noopener\">Wilson Pe\u00f1a se impone en la crono final del Cl\u00e1sico RCN pero Diego Camargo se corona campe\u00f3n<\/a>&nbsp;&nbsp;Esciclismo<\/li>\n<li><a href=\"https:\/\/news.google.com\/rss\/articles\/CBMiakFVX3lxTE9pQ29WWUlCQXFBN2tNb1VwaV94YTFPZW80Q3BLN3pCZmhycS1YMm1KajQ1UmI1dzZmOEhFOXJCamkyeVdRdnlVWGNfcnhaRWtvTFJTeUFUOGI4STl6Y1RyYjd1eFlKQUl3MWc?oc=5\" target=\"_blank\" rel=\"nofollow noopener\">Cl\u00e1sico RCN: Sebasti\u00e1n Casta\u00f1o se impone en Pereira y Diego Camargo resiste de amarillo<\/a>&nbsp;&nbsp;Esciclismo<\/li>\n<li><a href=\"https:\/\/news.google.com\/rss\/articles\/CBMiwwFBVV95cUxOWUpDZ2oxWWlvN3BpZVVoclQ0V3ZRWmZQcjB5UXVlRmt2NE9GUFdQYXBwaVFpcUIwdXlFWTUzTkc3bUhOQ3h3aGV3dFMzb0J1TXZ6Q3pCTzljYzlHa3BwRWlTLXRCVnhTZG41Szh6NTNWUkJzc1dTQjZUVjN6VE95Q0daM3hDdTYwUWR5bmJGMEZVMEc0NzBpZVNFUmZheHdTQXBwa2RhTFFRa0dFWHppakFPTGl5cmFqOFBuNFRabXpsXzjSAcgBQVVfeXFMT2JwZ1pFbnZWdmdWLTlNcjkyVkJZUkozLWtzdU02QUt3aGNjZ1hXYVJNdFllbmNBaUI4cXAtcHlXdlEtbVlZckh6NTJLd0FSVE1ncE4yYkNTVWFMWDFIN3NUZzZRNmRIZ29YZGlFcDkwaUpOWWlyQnlvMHVrLXlNSDBmUDgwczBya01yNjgzQU85SE1obzFCUGRna0NjNmNuSnlTYkdjNjVLRUZtMGxNZklIbHVCbnRDUnlZVHp2U0pkbXpfaEotWGY?oc=5\" target=\"_blank\" rel=\"nofollow noopener\">Del \u201cmilagroso\u201d a Cristo Rey: un antioque\u00f1o brill\u00f3 en el ocaso del Cl\u00e1sico RCN, que termina con cronoescalada en Cali | El Colombiano<\/a>&nbsp;&nbsp;El Colombiano<\/li>\n<li><a href=\"https:\/\/news.google.com\/rss\/articles\/CBMiuwFBVV95cUxOdkpuOXpzS3RZRU1KX2dMa05vcUdyaE11WHZ6NER5RGl3YVBlSXJzdk5nX1hGN0NyRy1mUXlvMTBnendoR2F4Vnl0bWxUdjNFcTZ1WGY1TDdXZ3NfeDE3S3pKNnBoeEpBTlNoUHRVMFotYlVobDh4T1pMOC10MUlNM0I1TWs5bE5xcEg5ZVdyU2JWSHJhWjViQmo2QTl3NDBhd1ZxLTllVk1EeE5ZNjVlYkE1RDhWS1pLbUdn?oc=5\" target=\"_blank\" rel=\"nofollow noopener\">WILMAR PAREDES DEL TEAM MEDELL\u00cdN EPM GAN\u00d3 LA OCTAVA ETAPA DEL CL\u00c1SICO RCN SISTECREDITO<\/a>&nbsp;&nbsp;DXT CAPITAL<\/li>\n<li><a href=\"https:\/\/news.google.com\/rss\/articles\/CBMi8gFBVV95cUxQbDQzX3FDNHM4Q3NFNTlNUkx6MV9nbGNxRzlRMnBwdi1ycl95UVhYb2V5enEwUUZZWjNPdkc5R2dnNER4UlhIbE5qUU5kTnFIbUxydWxhcllYUUNtaEZKand5YUx2QVFQeXgxSVpBVTI2S3J2RlVBTTAtZTVkcmJ4ZVdpbG1jMG5KWHVXMnB6ek9OSlZmenJBcHhfNi0xRHJKMzlDelRvUi16Tnh2QS1iR0stRHFpZW8xdWphN3A5bEQ2TFpnX0pPRDhDTWlXamFxendTc2RpdGtpZGUzeDVobVhWYjdEeEdlOTA1NkNiZEpOUQ?oc=5\" target=\"_blank\" rel=\"nofollow noopener\">\u00bfDiego Camargo o Wilson Pe\u00f1a? As\u00ed est\u00e1 la carrera por el t\u00edtulo en el Cl\u00e1sico RCN<\/a>&nbsp;&nbsp;MSN<\/li>\n<\/ol>\n","protected":false},"excerpt":{"rendered":"Wilson Pe\u00f1a se impone en la crono final del Cl\u00e1sico RCN pero Diego Camargo se corona campe\u00f3n&nbsp;&nbsp;Esciclismo Cl\u00e1sico&hellip;\n","protected":false},"author":2,"featured_media":156797,"comment_status":"","ping_status":"","sticky":false,"template":"","format":"standard","meta":{"footnotes":""},"categories":[273],"tags":[43558,5773,313,1757,5145,10084,312,168,15477,1053,158,41445,25,24,37761,11351,41089,23,167],"class_list":{"0":"post-156796","1":"post","2":"type-post","3":"status-publish","4":"format-standard","5":"has-post-thumbnail","7":"category-ciclismo","8":"tag-camargo","9":"tag-campeon","10":"tag-ciclismo","11":"tag-ciclista","12":"tag-clasico","13":"tag-colombiano","14":"tag-cycling","15":"tag-deportes","16":"tag-diego","17":"tag-domingo","18":"tag-el","19":"tag-epm","20":"tag-es","21":"tag-espana","22":"tag-medellin","23":"tag-proclamado","24":"tag-rcn","25":"tag-spain","26":"tag-sports"},"share_on_mastodon":{"url":"","error":""},"_links":{"self":[{"href":"https:\/\/www.europesays.com\/es\/wp-json\/wp\/v2\/posts\/156796","targetHints":{"allow":["GET"]}}],"collection":[{"href":"https:\/\/www.europesays.com\/es\/wp-json\/wp\/v2\/posts"}],"about":[{"href":"https:\/\/www.europesays.com\/es\/wp-json\/wp\/v2\/types\/post"}],"author":[{"embeddable":true,"href":"https:\/\/www.europesays.com\/es\/wp-json\/wp\/v2\/users\/2"}],"replies":[{"embeddable":true,"href":"https:\/\/www.europesays.com\/es\/wp-json\/wp\/v2\/comments?post=156796"}],"version-history":[{"count":0,"href":"https:\/\/www.europesays.com\/es\/wp-json\/wp\/v2\/posts\/156796\/revisions"}],"wp:featuredmedia":[{"embeddable":true,"href":"https:\/\/www.europesays.com\/es\/wp-json\/wp\/v2\/media\/156797"}],"wp:attachment":[{"href":"https:\/\/www.europesays.com\/es\/wp-json\/wp\/v2\/media?parent=156796"}],"wp:term":[{"taxonomy":"category","embeddable":true,"href":"https:\/\/www.europesays.com\/es\/wp-json\/wp\/v2\/categories?post=156796"},{"taxonomy":"post_tag","embeddable":true,"href":"https:\/\/www.europesays.com\/es\/wp-json\/wp\/v2\/tags?post=156796"}],"curies":[{"name":"wp","href":"https:\/\/api.w.org\/{rel}","templated":true}]}}