{"id":156798,"date":"2025-10-04T17:03:09","date_gmt":"2025-10-04T17:03:09","guid":{"rendered":"https:\/\/www.europesays.com\/es\/156798\/"},"modified":"2025-10-04T17:03:09","modified_gmt":"2025-10-04T17:03:09","slug":"sancion-para-los-williams-gp-de-singapur","status":"publish","type":"post","link":"https:\/\/www.europesays.com\/es\/156798\/","title":{"rendered":"Sanci\u00f3n para los Williams: GP de Singapur"},"content":{"rendered":"<p>Ambos pilotos de <strong>Williams Racing<\/strong> quedaron descalificados <a target=\"_blank\" href=\"https:\/\/442.perfil.com\/noticias\/automovilismo\/franco-colapinto-en-la-clasificacion-del-gran-premio-de-singapur.phtml\" rel=\"nofollow noopener\"><strong>post-clasificaci\u00f3n<\/strong><\/a> del <strong>Gran Premio de Singapur 2025<\/strong> por irregularidades en sus <strong>alerones traseros.<\/strong><\/p>\n<p><strong>Alex Albon y Carlos Sainz\u00a0<\/strong>usaron su DRS (Sistema de apertura del aler\u00f3n) m\u00e1s de lo permitido, por lo que ambos pilotos de la escuder\u00eda de Groove saldr\u00e1n desde el fondo.<\/p>\n<p class=\"destacadoNota\"><a target=\"_blank\" href=\"https:\/\/442.perfil.com\/noticias\/automovilismo\/franco-colapinto-afirmo-estar-caliente-y-molesto-tras-la-qualy-en-singapur-estas-cosas-dan-mucha-bronca.phtml\" rel=\"nofollow noopener\">Franco Colapinto afirm\u00f3 estar \u00abcaliente\u00bb y molesto tras la Qualy en Singapur<\/a><\/p>\n<p><strong>Albon y Sainz finalizaron P12 y P13,\u00a0<\/strong>pero ahora todos a partir del lugar 14 subir\u00e1n dos puestos, entre ellos, <a target=\"_blank\" href=\"https:\/\/442.perfil.com\/noticias\/automovilismo\/franco-colapinto-afirmo-estar-caliente-y-molesto-tras-la-qualy-en-singapur-estas-cosas-dan-mucha-bronca.phtml\" rel=\"nofollow noopener\"><strong>Franco Colapinto.<\/strong><\/a><\/p>\n<p>El argentino tuvo un desempe\u00f1o regular: En el <strong>Alpine<\/strong> es imposible tener un buen rendimiento, pero supero nuevamente a <strong>Pierre Gasly<\/strong> tras finalizar <strong>P18 y el franc\u00e9s, P20.<\/strong><\/p>\n<p><img decoding=\"async\" style=\"max-width: 100%; width: 100%;\" alt=\"Comunicado Williams FIA\" src=\"https:\/\/www.europesays.com\/es\/wp-content\/uploads\/2025\/10\/comunicado-williams-fia-2112284.jpg\" loading=\"lazy\"\/>&#13;<br \/>\nComunicado de la FIA&#13;<\/p>\n<p>Ahora el pilarense saldr\u00e1 <strong>decimosexto <\/strong>y en un circuito complicado, el objetivo ser\u00e1 finalizar el domingo con el monoplaza impecable y por encima de <strong>Pierre<\/strong>.<\/p>\n<p><strong>LT.<\/strong><\/p>\n","protected":false},"excerpt":{"rendered":"Ambos pilotos de Williams Racing quedaron descalificados post-clasificaci\u00f3n del Gran Premio de Singapur 2025 por irregularidades en sus&hellip;\n","protected":false},"author":2,"featured_media":156799,"comment_status":"","ping_status":"","sticky":false,"template":"","format":"standard","meta":{"footnotes":""},"categories":[270],"tags":[168,25,24,306,271,272,23,167],"class_list":{"0":"post-156798","1":"post","2":"type-post","3":"status-publish","4":"format-standard","5":"has-post-thumbnail","7":"category-formula-1","8":"tag-deportes","9":"tag-es","10":"tag-espana","11":"tag-f1","12":"tag-formula-1","13":"tag-formula1","14":"tag-spain","15":"tag-sports"},"share_on_mastodon":{"url":"","error":""},"_links":{"self":[{"href":"https:\/\/www.europesays.com\/es\/wp-json\/wp\/v2\/posts\/156798","targetHints":{"allow":["GET"]}}],"collection":[{"href":"https:\/\/www.europesays.com\/es\/wp-json\/wp\/v2\/posts"}],"about":[{"href":"https:\/\/www.europesays.com\/es\/wp-json\/wp\/v2\/types\/post"}],"author":[{"embeddable":true,"href":"https:\/\/www.europesays.com\/es\/wp-json\/wp\/v2\/users\/2"}],"replies":[{"embeddable":true,"href":"https:\/\/www.europesays.com\/es\/wp-json\/wp\/v2\/comments?post=156798"}],"version-history":[{"count":0,"href":"https:\/\/www.europesays.com\/es\/wp-json\/wp\/v2\/posts\/156798\/revisions"}],"wp:featuredmedia":[{"embeddable":true,"href":"https:\/\/www.europesays.com\/es\/wp-json\/wp\/v2\/media\/156799"}],"wp:attachment":[{"href":"https:\/\/www.europesays.com\/es\/wp-json\/wp\/v2\/media?parent=156798"}],"wp:term":[{"taxonomy":"category","embeddable":true,"href":"https:\/\/www.europesays.com\/es\/wp-json\/wp\/v2\/categories?post=156798"},{"taxonomy":"post_tag","embeddable":true,"href":"https:\/\/www.europesays.com\/es\/wp-json\/wp\/v2\/tags?post=156798"}],"curies":[{"name":"wp","href":"https:\/\/api.w.org\/{rel}","templated":true}]}}