{"id":156816,"date":"2025-10-04T17:18:07","date_gmt":"2025-10-04T17:18:07","guid":{"rendered":"https:\/\/www.europesays.com\/es\/156816\/"},"modified":"2025-10-04T17:18:07","modified_gmt":"2025-10-04T17:18:07","slug":"ocho-heridos-tras-la-explosion-en-el-interior-de-un-barco-en-el-puerto-deportivo-de-fuengirola","status":"publish","type":"post","link":"https:\/\/www.europesays.com\/es\/156816\/","title":{"rendered":"Ocho heridos tras la explosi\u00f3n en el interior de un barco en el puerto deportivo de Fuengirola"},"content":{"rendered":"<p class=\"article-text\">\n        Un total de ocho personas han resultado heridas este s\u00e1bado tras una explosi\u00f3n en un barco localizado en el puerto deportivo de Fuengirola (M\u00e1laga), seg\u00fan han confirmado fuentes del Ayuntamiento de la localidad a Europa Press.\n    <\/p>\n<p class=\"article-text\">\n        Fuentes del Servicio de Emergencias 112 han detallado que sobre las 12,20 horas de la ma\u00f1ana varios testigos llamaron al tel\u00e9fono 112 alertando de la presencia de una embarcaci\u00f3n que estaba ardiendo en el pantal\u00e1n 2-3 del Puerto y que pod\u00eda haber personas heridas. Asimismo, los alertantes han se\u00f1alado que hab\u00edan escuchado una explosi\u00f3n procedente del interior del barco.\n    <\/p>\n<p class=\"article-text\">\n        Tras ello, la sala coordinadora ha dado el aviso a efectivos de bomberos, servicios sanitarios, Polic\u00eda Local, Guardia Civil, Salvamento Mar\u00edtimo y Socorrismo, y Cruz Roja para que se desplazaran hasta dicha ubicaci\u00f3n.\n    <\/p>\n<p class=\"article-text\">\n        El Consistorio de Fuengirola ha apuntado en su cuenta oficial de &#8216;X&#8217;, consultada por Europa Press, que los socorristas del Servicio de Salvamento llegaron hasta los ocho tripulantes del barco para ponerlos a salvo, quienes hab\u00edan resultado heridos, tres de ellos de consideraci\u00f3n, que inmediatamente fueron puestas a disposici\u00f3n de los servicios m\u00e9dicos de emergencia.\n    <\/p>\n<p class=\"article-text\">\n        Adem\u00e1s, el Ayuntamiento ha precisado que a\u00fan se desconocen los motivos por el que se produjo la explosi\u00f3n y, con ello, el incendio. Fruto de la deflagraci\u00f3n, la embarcaci\u00f3n se hundi\u00f3 y los responsables de la Agencia Andaluza de Puertos est\u00e1n siguiendo la situaci\u00f3n de cerca para valorar la aplicaci\u00f3n de medidas anti vertidos.\n    <\/p>\n<p class=\"article-text\">\n        A trav\u00e9s de nuestro\u00a0<a href=\"https:\/\/t.me\/eldiarioand\" target=\"_blank\" data-mrf-recirculation=\"links-noticia\" class=\"link\" rel=\"nofollow\">canal en Telegram<\/a>\u00a0trasladamos de forma inmediata lo que ocurre en Andaluc\u00eda: \u00faltimas noticias que van aconteciendo, o donde, simplemente, te ofrecemos un resumen de la informaci\u00f3n m\u00e1s relevante del d\u00eda.\n    <\/p>\n<p class=\"article-text\">\n        <a href=\"https:\/\/t.me\/eldiarioand\" target=\"_blank\" data-mrf-recirculation=\"links-noticia\" class=\"link\" rel=\"nofollow\">Suscr\u00edbete a nuestro canal en este enlace<\/a>.\n    <\/p>\n","protected":false},"excerpt":{"rendered":"Un total de ocho personas han resultado heridas este s\u00e1bado tras una explosi\u00f3n en un barco localizado en&hellip;\n","protected":false},"author":2,"featured_media":156817,"comment_status":"","ping_status":"","sticky":false,"template":"","format":"standard","meta":{"footnotes":""},"categories":[8],"tags":[1705,259,17,18,2760,3854,25,24,13,14,494,11,1667,19,20,3855,9,10,15,16,1925,1171,23,12,21,22],"class_list":{"0":"post-156816","1":"post","2":"type-post","3":"status-publish","4":"format-standard","5":"has-post-thumbnail","7":"category-espana","8":"tag-analisis","9":"tag-andalucia","10":"tag-breaking-news","11":"tag-breakingnews","12":"tag-cordoba","13":"tag-eldiario-es","14":"tag-es","15":"tag-espana","16":"tag-featured-news","17":"tag-featurednews","18":"tag-granada","19":"tag-headlines","20":"tag-informacion","21":"tag-latest-news","22":"tag-latestnews","23":"tag-malaga","24":"tag-news","25":"tag-noticias","26":"tag-noticias-destacadas","27":"tag-noticiasdestacadas","28":"tag-opinion","29":"tag-sevilla","30":"tag-spain","31":"tag-titulares","32":"tag-ultimas-noticias","33":"tag-ultimasnoticias"},"share_on_mastodon":{"url":"","error":""},"_links":{"self":[{"href":"https:\/\/www.europesays.com\/es\/wp-json\/wp\/v2\/posts\/156816","targetHints":{"allow":["GET"]}}],"collection":[{"href":"https:\/\/www.europesays.com\/es\/wp-json\/wp\/v2\/posts"}],"about":[{"href":"https:\/\/www.europesays.com\/es\/wp-json\/wp\/v2\/types\/post"}],"author":[{"embeddable":true,"href":"https:\/\/www.europesays.com\/es\/wp-json\/wp\/v2\/users\/2"}],"replies":[{"embeddable":true,"href":"https:\/\/www.europesays.com\/es\/wp-json\/wp\/v2\/comments?post=156816"}],"version-history":[{"count":0,"href":"https:\/\/www.europesays.com\/es\/wp-json\/wp\/v2\/posts\/156816\/revisions"}],"wp:featuredmedia":[{"embeddable":true,"href":"https:\/\/www.europesays.com\/es\/wp-json\/wp\/v2\/media\/156817"}],"wp:attachment":[{"href":"https:\/\/www.europesays.com\/es\/wp-json\/wp\/v2\/media?parent=156816"}],"wp:term":[{"taxonomy":"category","embeddable":true,"href":"https:\/\/www.europesays.com\/es\/wp-json\/wp\/v2\/categories?post=156816"},{"taxonomy":"post_tag","embeddable":true,"href":"https:\/\/www.europesays.com\/es\/wp-json\/wp\/v2\/tags?post=156816"}],"curies":[{"name":"wp","href":"https:\/\/api.w.org\/{rel}","templated":true}]}}