{"id":156818,"date":"2025-10-04T17:19:22","date_gmt":"2025-10-04T17:19:22","guid":{"rendered":"https:\/\/www.europesays.com\/es\/156818\/"},"modified":"2025-10-04T17:19:22","modified_gmt":"2025-10-04T17:19:22","slug":"eibar-barca-en-directo-hoy","status":"publish","type":"post","link":"https:\/\/www.europesays.com\/es\/156818\/","title":{"rendered":"Eibar &#8211; Bar\u00e7a, en directo hoy"},"content":{"rendered":"<p>\ud83d\udea8 Descubre <strong>MDScore<\/strong><br \/>Descarga la mejor app para seguir los resultados de f\u00fatbol en directo, los marcadores de todas las competiciones, estad\u00edsticas&#8230;<br \/>Podr\u00e1s personalizar alertas de tu equipo favorito, lleva la pasi\u00f3n por el f\u00fatbol en tu bolsillo.<br \/>\u26bd Una app obligatoria para todo aficionado al f\u00fatbol<br \/>\ud83d\udcf2 Ya te la puedes descargar:<br \/>\ud83d\udd17 IOS Android<\/p>\n<p>Muchas gracias por su atenci\u00f3n y hasta la pr\u00f3xima.<\/p>\n<p><img loading=\"lazy\" decoding=\"async\" width=\"38\" height=\"38\" class=\"lazy float-right\" alt=\"\" src=\"https:\/\/www.europesays.com\/es\/wp-content\/uploads\/2025\/09\/60f287ba38116.png\"\/><\/p>\n<p><img loading=\"lazy\" decoding=\"async\" width=\"38\" height=\"38\" class=\"lazy float-right\" alt=\"\" src=\"https:\/\/www.europesays.com\/es\/wp-content\/uploads\/2025\/09\/60f287b9d7e3a.png\"\/>  GOOOOL DEL BAR\u00c7A, GOOOL DE SALMA<\/p>\n<p>96&#8242; Remate de Marta y Salma caza el rechace de la meta para marcar a placer.\u00a0<\/p>\n<p>\u00a0<\/p>\n<p>  OTRA PARADA DE ASTRALAGA<\/p>\n<p>96&#8242; Tiro de <strong>Graham <\/strong>y manopla de la meta para despejar el bal\u00f3n.<\/p>\n<p>\u00a0<\/p>\n<p>  LA HA TENIDO VICKY<\/p>\n<p>94&#8242; La saca bajo palos Ojeda tras una magn\u00edfica acci\u00f3n de Vicky.\u00a0<\/p>\n<p>\u00a0<\/p>\n<p><img loading=\"lazy\" decoding=\"async\" width=\"38\" height=\"38\" class=\"lazy float-right\" alt=\"\" src=\"https:\/\/www.europesays.com\/es\/wp-content\/uploads\/2025\/09\/1758137236_441_60f293b0b5787.png\"\/>  SE A\u00d1ADIR\u00c1N 8 MINUTOS<\/p>\n<p>\u00a0<\/p>\n<p>\u00a0<\/p>\n<p>  GRAN TIRO DE AITANA Y BUENA PARADA<\/p>\n<p>89&#8242; Tiro lejano de la triple Bal\u00f3n de Oro y la meta saca una mano salvadora.\u00a0<\/p>\n<p>\u00a0<\/p>\n<p>  DISPARO ALTO DE SYDNEY<\/p>\n<p>88&#8242; Buen tiro de la suiza que se le va alto por poco.<\/p>\n<p>\u00a0<\/p>\n<p>  INSTANTES FINALES, APRIETA EL EIBAR<\/p>\n<p>83&#8242; El cuadro local quiere el gol del honor y ha dado un paso adelante.<\/p>\n<p>\u00a0<\/p>\n<p><img loading=\"lazy\" decoding=\"async\" width=\"38\" height=\"38\" class=\"lazy float-right\" alt=\"\" src=\"https:\/\/www.europesays.com\/es\/wp-content\/uploads\/2025\/09\/60f287baec3ae.png\"\/>  DOBLE CAMBIO EN EL EIBAR<\/p>\n<p>75&#8242; Se van Clamant y Moreno, y entran Uranga y Carmen.<\/p>\n<p>\u00a0<\/p>\n<p><img loading=\"lazy\" decoding=\"async\" width=\"38\" height=\"38\" class=\"lazy float-right\" alt=\"\" src=\"https:\/\/www.europesays.com\/es\/wp-content\/uploads\/2025\/09\/60f287b9d7e3a.png\"\/>  GOOOOL DE GRAHAM<\/p>\n<p>73&#8242; Disparo con la zurda desde el v\u00e9rtice del \u00e1rea directo al palo largo de Astralaga. Gol &#8216;made in Graham&#8217; para poner el tercero azulgrana.<\/p>\n<p>\u00a0<\/p>\n<p><img loading=\"lazy\" decoding=\"async\" width=\"38\" height=\"38\" class=\"lazy float-right\" alt=\"\" src=\"https:\/\/www.europesays.com\/es\/wp-content\/uploads\/2025\/09\/60f287baec3ae.png\"\/>  DOBLE CAMBIO EN EL BAR\u00c7A<\/p>\n<p>70&#8242; Se van Ona y Pajor y entran A\u00efcha y Aitana.<\/p>\n<p>\u00a0<\/p>\n<p>  SIGAN, SIGAN<\/p>\n<p>69&#8242; Dice la colegiada que no hay nada. Sigan.<\/p>\n<p>\u00a0<\/p>\n<p><img loading=\"lazy\" decoding=\"async\" width=\"38\" height=\"38\" class=\"lazy float-right\" alt=\"\" src=\"https:\/\/www.europesays.com\/es\/wp-content\/uploads\/2025\/09\/60f287b98c5ab.png\"\/>  PIDE REVISI\u00d3N EL BAR\u00c7A POR POSIBLE PENALTI<\/p>\n<p>66&#8242; Pide <strong>Pere Romeu <\/strong>revisi\u00f3n de la jugada por el FVS.\u00a0<\/p>\n<p>\u00a0<\/p>\n<p>  CUIDADO, TRIPLE CHOQUE<\/p>\n<p>64&#8242; Han chocado Pajor, Astralaga y Altonaga. Est\u00e1n tendidas en el c\u00e9sped las tres.\u00a0<\/p>\n<p>\u00a0<\/p>\n<p><img loading=\"lazy\" decoding=\"async\" width=\"38\" height=\"38\" class=\"lazy float-right\" alt=\"\" src=\"https:\/\/www.europesays.com\/es\/wp-content\/uploads\/2025\/09\/60f287baec3ae.png\"\/>  CAMBIOS EN EL EIBAR<\/p>\n<p>61&#8242; Se van Iribarren y Gure\u00f1o, y entran Altonaga y Ojeda.<\/p>\n<p>\u00a0<\/p>\n<p>  TIRO DE PAJOR<\/p>\n<p>60&#8242; Buen pase de Patri y disparo lejano de la polaca que se le va fuera.\u00a0<\/p>\n<p>\u00a0<\/p>\n<p><img loading=\"lazy\" decoding=\"async\" width=\"38\" height=\"38\" class=\"lazy float-right\" alt=\"\" src=\"https:\/\/www.europesays.com\/es\/wp-content\/uploads\/2025\/09\/60f287baec3ae.png\"\/>  TRIPLE CAMBIO EN EL BAR\u00c7A<\/p>\n<p>58&#8242; Se van <strong>Mar\u00eda Le\u00f3n, Serrajordi y Alexia<\/strong>, y entran <strong>Paredes, Patri y Kika<\/strong>.\u00a0<\/p>\n<p>\u00a0<\/p>\n<p><img loading=\"lazy\" decoding=\"async\" width=\"38\" height=\"38\" class=\"lazy float-right\" alt=\"\" src=\"https:\/\/www.europesays.com\/es\/wp-content\/uploads\/2025\/09\/60f287b9d7e3a.png\"\/>  GOOOOOL DE VICKY<\/p>\n<p>54&#8242; Qu\u00e9 jugada de Vicky. Pase de Alexia entre l\u00edneas y la madrile\u00f1a controla con la izquierda, con la derecha se la orienta para pasar por medio de dos defensas y una vez libre con la zurda remata cruzado y marca el segundo.<\/p>\n<p>\u00a0<\/p>\n<p>  MOVIMIENTO EN LA BANDA<\/p>\n<p>48&#8242; Calientan en la banda <strong>Patri<\/strong>, <strong>Paredes<\/strong> y<strong> Kika<\/strong>.\u00a0<\/p>\n<p>\u00a0<\/p>\n<p><img loading=\"lazy\" decoding=\"async\" width=\"38\" height=\"38\" class=\"lazy float-right\" alt=\"\" src=\"https:\/\/www.europesays.com\/es\/wp-content\/uploads\/2025\/09\/1758137233_769_60f287bb741c3.png\"\/>  COMIENZA LA SEGUNDA PARTE<\/p>\n<p>\u00a0<\/p>\n<p>\u00a0<\/p>\n<p><img loading=\"lazy\" decoding=\"async\" width=\"38\" height=\"38\" class=\"lazy float-right\" alt=\"\" src=\"https:\/\/www.europesays.com\/es\/wp-content\/uploads\/2025\/09\/60f287bc94ef4.png\"\/>  FINAL DEL PRIMER TIEMPO<\/p>\n<p>Victoria parcial de las azulgranas gracias al gol de Clara Serrajordi, el primero con el primer equipo a sus 17 a\u00f1os.\u00a0<\/p>\n<p>\u00a0<\/p>\n<p>  TIRO LEJANO DE SALMA<\/p>\n<p>39&#8242; Se atreve la aragonesa desde lejos pero para <strong>Astralaga <\/strong>sin problemas en dos tiempos.<\/p>\n<p>\u00a0<\/p>\n<p>  BUEN TIRO DE SYDNEY<\/p>\n<p>36&#8242; Jugada personal de la &#8216;6&#8217; azulgrana, entrando de fuera hacia dentro por el borde del \u00e1rea y conectando un tiro con efecto con la derecha que se va fuera por poco.\u00a0<\/p>\n<p>\u00a0<\/p>\n<p>  GRAN PARADA DE ASTRALAGA<\/p>\n<p>35&#8242; Tiro de Sydney a dos metros de la portera y excelente intervenci\u00f3n para evitar el segundo cul\u00e9.<\/p>\n<p>\u00a0<\/p>\n<p>  LA HA TENIDO GRAHAM<\/p>\n<p>34&#8242; Centro bueno de <strong>Salma <\/strong>por la izquierda pero <strong>Graham <\/strong>remata mal y cuando lo ten\u00eda todo para marcar la tira fuera.\u00a0<\/p>\n<p>\u00a0<\/p>\n<p>  REMATE DE MARTA FUERA<\/p>\n<p>28&#8242; Centro de c\u00f3rner de <strong>Mar\u00eda Le\u00f3n<\/strong> y el salto de <strong>Marta <\/strong>le permite conectar pero dirige el testarazo fuera.\u00a0<\/p>\n<p>\u00a0<\/p>\n<p>  BUEN DISPARO DE ALEXIA<\/p>\n<p>23&#8242; Tiro potente de la capitana con la izquierda pero gran reacci\u00f3n de Astralaga para despejar el esf\u00e9rico.<\/p>\n<p>\u00a0<\/p>\n<p>  ASEDIA EL BAR\u00c7A<\/p>\n<p>19&#8242; Las azulgrana buscan el segundo y combinan una y otra vez merodeando el \u00e1rea local.<\/p>\n<p>\u00a0<\/p>\n<p><img loading=\"lazy\" decoding=\"async\" width=\"38\" height=\"38\" class=\"lazy float-right\" alt=\"\" src=\"https:\/\/www.europesays.com\/es\/wp-content\/uploads\/2025\/09\/60f287b9d7e3a.png\"\/>  GOOOOOOL DEL BAR\u00c7A, GOOOOL DE SERRAJORDI<\/p>\n<p>14&#8242; Disparo lejano de la canterana azulgrana que toca en una defensa y se desv\u00eda para colarse en el fondo de las mallas de Astgralaga. Jugada de combinaci\u00f3n cul\u00e9 que acaba con pase de Sydney atr\u00e1s y tiro de la &#8217;16&#8217; y su primer gol con la camiseta del primer equipo del Bar\u00e7a.<\/p>\n<p>\u00a0<\/p>\n<p>  TIRA VICKY, PARA ASTRALAGA<\/p>\n<p>13&#8242; Disparo lejano de la madrile\u00f1a que ataja sin problemas la meta local.<\/p>\n<p>\u00a0<\/p>\n<p>  REMATE DE SYDNEY FUERA<\/p>\n<p>9&#8242; Centro de <strong>Graham<\/strong>, la baja <strong>Salma <\/strong>y remata la joven fuera.\u00a0<\/p>\n<p>\u00a0<\/p>\n<p>  GRAN GESTO T\u00c9CNICO DE SERRAJORDI<\/p>\n<p>5&#8242; Buen recurso de la joven jugadora del Bar\u00e7a para deshacerse de su marca.<\/p>\n<p>\u00a0<\/p>\n<p>  NUEVA DISTRIBUCI\u00d3N T\u00c1CTICA<\/p>\n<p>3&#8242; El Bar\u00e7a est\u00e1 jugando con <strong>Serrajordi <\/strong>de pivote, <strong>Vicky <\/strong>de interior diestra, <strong>Alexia <\/strong>por la izquierda y <strong>Sydney <\/strong>de extremo izquierda pero cayendo al centro, con <strong>Salma <\/strong>de lateral zurda subiendo mucho.<\/p>\n<p>\u00a0<\/p>\n<p>  MAL CENTRO DE MAR\u00cdA LE\u00d3N<\/p>\n<p>2&#8242; Jugada ensayada en el c\u00f3rner y la central tira un mal centro.\u00a0<\/p>\n<p>\u00a0<\/p>\n<p><img loading=\"lazy\" decoding=\"async\" width=\"38\" height=\"38\" class=\"lazy float-right\" alt=\"\" src=\"https:\/\/www.europesays.com\/es\/wp-content\/uploads\/2025\/09\/1758137233_769_60f287bb741c3.png\"\/>  COMIENZA EL PARTIDO<\/p>\n<p>Sacar\u00e1 de centro el Bar\u00e7a.<\/p>\n<p>\u00a0<\/p>\n<p>Todo listo para el arranque del partido. Carla y Alexia hacen el sorteo de campos con la colegiada Alicia Espinosa. <\/p>\n<p><img loading=\"lazy\" decoding=\"async\" width=\"38\" height=\"38\" class=\"lazy float-right\" alt=\"\" src=\"https:\/\/www.europesays.com\/es\/wp-content\/uploads\/2025\/09\/1758137234_122_60f287c0bb1bf.png\"\/> <\/p>\n<p>En el banquillo del <strong>Eibar <\/strong>estar\u00e1n<strong> Laura Mart\u00ed, Patri Ojeda, Altonaga, Camino, Carmen, Uranga y Guezala<\/strong>, mientras que en el banco cul\u00e9 estar\u00e1n <strong>Gemma, Paredes, Aleixandri, Patri, Aitana, Kika A\u00efcha y Brugts.<\/strong><\/p>\n<p><img loading=\"lazy\" decoding=\"async\" width=\"38\" height=\"38\" class=\"lazy float-right\" alt=\"\" src=\"https:\/\/www.europesays.com\/es\/wp-content\/uploads\/2025\/09\/1758137234_122_60f287c0bb1bf.png\"\/> <\/p>\n<p>El cuadro local jugar\u00e1 con <strong>Astralaga; Etxezarreta, Iribarren, Guere\u00f1u, Carla, Garazi; Belem, Elena Valej, Moreno; Iara y Clement. <\/strong><\/p>\n<p><img loading=\"lazy\" decoding=\"async\" width=\"38\" height=\"38\" class=\"lazy float-right\" alt=\"\" src=\"https:\/\/www.europesays.com\/es\/wp-content\/uploads\/2025\/09\/1758137234_122_60f287c0bb1bf.png\"\/> <\/p>\n<p>Por el momento, ya podemos ofrecer el once inicial del <strong>FC Barcelona<\/strong>: <strong>Cata Coll; Ona Batlle, Marta, Maria Le\u00f3n, Salma; Serrajordi, Sydney, Alexia; Graham, Pajor y Vicky.<\/strong><\/p>\n<p>El encuentro correspondiente a la jornada 6 de la Liga F Moeve comenzar\u00e1 a las 15.00 horas en el estadio de Ipurua.<\/p>\n<p><strong>\u00a1Buenas tardes y bienvenidos al directo del Eibar-Bar\u00e7a!<\/strong><\/p>\n","protected":false},"excerpt":{"rendered":"\ud83d\udea8 Descubre MDScoreDescarga la mejor app para seguir los resultados de f\u00fatbol en directo, los marcadores de todas&hellip;\n","protected":false},"author":2,"featured_media":156819,"comment_status":"","ping_status":"","sticky":false,"template":"","format":"standard","meta":{"footnotes":""},"categories":[5],"tags":[17,18,25,24,13,14,11,19,20,9,10,15,16,23,12,21,22],"class_list":{"0":"post-156818","1":"post","2":"type-post","3":"status-publish","4":"format-standard","5":"has-post-thumbnail","7":"category-titulares","8":"tag-breaking-news","9":"tag-breakingnews","10":"tag-es","11":"tag-espana","12":"tag-featured-news","13":"tag-featurednews","14":"tag-headlines","15":"tag-latest-news","16":"tag-latestnews","17":"tag-news","18":"tag-noticias","19":"tag-noticias-destacadas","20":"tag-noticiasdestacadas","21":"tag-spain","22":"tag-titulares","23":"tag-ultimas-noticias","24":"tag-ultimasnoticias"},"share_on_mastodon":{"url":"","error":""},"_links":{"self":[{"href":"https:\/\/www.europesays.com\/es\/wp-json\/wp\/v2\/posts\/156818","targetHints":{"allow":["GET"]}}],"collection":[{"href":"https:\/\/www.europesays.com\/es\/wp-json\/wp\/v2\/posts"}],"about":[{"href":"https:\/\/www.europesays.com\/es\/wp-json\/wp\/v2\/types\/post"}],"author":[{"embeddable":true,"href":"https:\/\/www.europesays.com\/es\/wp-json\/wp\/v2\/users\/2"}],"replies":[{"embeddable":true,"href":"https:\/\/www.europesays.com\/es\/wp-json\/wp\/v2\/comments?post=156818"}],"version-history":[{"count":0,"href":"https:\/\/www.europesays.com\/es\/wp-json\/wp\/v2\/posts\/156818\/revisions"}],"wp:featuredmedia":[{"embeddable":true,"href":"https:\/\/www.europesays.com\/es\/wp-json\/wp\/v2\/media\/156819"}],"wp:attachment":[{"href":"https:\/\/www.europesays.com\/es\/wp-json\/wp\/v2\/media?parent=156818"}],"wp:term":[{"taxonomy":"category","embeddable":true,"href":"https:\/\/www.europesays.com\/es\/wp-json\/wp\/v2\/categories?post=156818"},{"taxonomy":"post_tag","embeddable":true,"href":"https:\/\/www.europesays.com\/es\/wp-json\/wp\/v2\/tags?post=156818"}],"curies":[{"name":"wp","href":"https:\/\/api.w.org\/{rel}","templated":true}]}}