{"id":156822,"date":"2025-10-04T17:25:14","date_gmt":"2025-10-04T17:25:14","guid":{"rendered":"https:\/\/www.europesays.com\/es\/156822\/"},"modified":"2025-10-04T17:25:14","modified_gmt":"2025-10-04T17:25:14","slug":"pogacar-revalida-su-titulo-mundial-en-kigali-con-una-exhibicion","status":"publish","type":"post","link":"https:\/\/www.europesays.com\/es\/156822\/","title":{"rendered":"Pogacar revalida su t\u00edtulo mundial en Kigali con una exhibici\u00f3n"},"content":{"rendered":"<p>Tadej Pogacar volvi\u00f3 a demostrar por qu\u00e9 es el gran dominador del ciclismo actual. El esloveno se proclam\u00f3 campe\u00f3n del mundo en ruta por segundo a\u00f1o consecutivo tras una actuaci\u00f3n imponente en el exigente recorrido de Kigali, donde cubri\u00f3 los 267,5 kil\u00f3metros y 5.475 metros de desnivel en 6 horas, 21 minutos y 20 segundos.<\/p>\n<p><img decoding=\"async\" loading=\"lazy\" width=\"1200\" height=\"1500\" style=\"aspect-ratio: 1200\/1500;\" alt=\"Tadej Pogacar. Imagen: UCI\" src=\"https:\/\/www.europesays.com\/es\/wp-content\/uploads\/2025\/10\/ganadores-elite-masculino-ruta-campeonato-mundo-carretera-2025.jpg\"\/>Tadej Pogacar. Imagen: UCIEl esloveno conquista su segundo arco\u00edris consecutivo tras un ataque demoledor<\/p>\n<p>La carrera comenz\u00f3 con las habituales escapadas de selecciones modestas, aunque esta vez el corte inicial cont\u00f3 con nombres importantes. El espa\u00f1ol Ra\u00fal Garc\u00eda Pierna logr\u00f3 entrar en la fuga, dando presencia al equipo nacional en un movimiento que lleg\u00f3 a acumular m\u00e1s de un minuto de ventaja. Sin embargo, todo cambi\u00f3 con la llegada del circuito extendido, donde la selecci\u00f3n eslovena endureci\u00f3 la carrera.<\/p>\n<p>En el Monte Kigali se produjo el movimiento clave. Pogacar lanz\u00f3 una aceleraci\u00f3n progresiva que descolg\u00f3 a Remco Evenepoel, principal rival y campe\u00f3n en 2022, mientras Juan Ayuso lograba resistir durante unos metros antes de ceder. Richard Carapaz trat\u00f3 de cerrar el hueco sin \u00e9xito, y poco despu\u00e9s el mexicano Isaac del Toro enlaz\u00f3 desde atr\u00e1s para colaborar en el descenso y mantener la ventaja.<\/p>\n<p>El entendimiento entre Pogacar y Del Toro permiti\u00f3 abrir una brecha, aunque la superioridad del esloveno termin\u00f3 imponi\u00e9ndose. Cuando el joven mexicano comenz\u00f3 a acusar el esfuerzo en la subida adoquinada de Kimihurura, Pogacar levant\u00f3 el pie para esperarle, consciente de que a\u00fan restaban 77 kil\u00f3metros. Pero la resistencia de su compa\u00f1ero de equipo en el UAE Team Emirates no dur\u00f3 mucho m\u00e1s, y en el Kigali Golf qued\u00f3 definitivamente fuera de la ecuaci\u00f3n.<\/p>\n<p>Con Del Toro descolgado, Pogacar inici\u00f3 una cabalgada en solitario de m\u00e1s de 60 kil\u00f3metros. Pese a la persecuci\u00f3n organizada de un grupo con Evenepoel, Ben Healy, Skjelmose, Hindley y Pidcock, el margen del esloveno fue aumentando. La dureza del recorrido y el ritmo impuesto dejaron fuera de juego primero a Hindley y despu\u00e9s a Pidcock, reduciendo el grupo perseguidor a tres ciclistas.<\/p>\n<p>Evenepoel, decidido a no dejar escapar la plata, lanz\u00f3 su ataque definitivo en la pen\u00faltima vuelta en Kigali Golf, dejando atr\u00e1s a Healy y Skjelmose. El irland\u00e9s reaccion\u00f3 en la \u00faltima vuelta para asegurarse el bronce, mientras el dan\u00e9s se tuvo que conformar con el cuarto puesto.<\/p>\n<p>El final en la capital ruandesa confirm\u00f3 lo que se hab\u00eda gestado desde lejos: Pogacar cruz\u00f3 la meta en solitario, ampliando su leyenda con un segundo maillot arco\u00edris consecutivo. Evenepoel, a 1:28, firm\u00f3 otra medalla mundial m\u00e1s para su colecci\u00f3n, mientras Healy subi\u00f3 al podio a 2:16.<\/p>\n","protected":false},"excerpt":{"rendered":"Tadej Pogacar volvi\u00f3 a demostrar por qu\u00e9 es el gran dominador del ciclismo actual. El esloveno se proclam\u00f3&hellip;\n","protected":false},"author":2,"featured_media":156823,"comment_status":"","ping_status":"","sticky":false,"template":"","format":"standard","meta":{"footnotes":""},"categories":[273],"tags":[313,312,168,25,24,23,167],"class_list":{"0":"post-156822","1":"post","2":"type-post","3":"status-publish","4":"format-standard","5":"has-post-thumbnail","7":"category-ciclismo","8":"tag-ciclismo","9":"tag-cycling","10":"tag-deportes","11":"tag-es","12":"tag-espana","13":"tag-spain","14":"tag-sports"},"share_on_mastodon":{"url":"","error":""},"_links":{"self":[{"href":"https:\/\/www.europesays.com\/es\/wp-json\/wp\/v2\/posts\/156822","targetHints":{"allow":["GET"]}}],"collection":[{"href":"https:\/\/www.europesays.com\/es\/wp-json\/wp\/v2\/posts"}],"about":[{"href":"https:\/\/www.europesays.com\/es\/wp-json\/wp\/v2\/types\/post"}],"author":[{"embeddable":true,"href":"https:\/\/www.europesays.com\/es\/wp-json\/wp\/v2\/users\/2"}],"replies":[{"embeddable":true,"href":"https:\/\/www.europesays.com\/es\/wp-json\/wp\/v2\/comments?post=156822"}],"version-history":[{"count":0,"href":"https:\/\/www.europesays.com\/es\/wp-json\/wp\/v2\/posts\/156822\/revisions"}],"wp:featuredmedia":[{"embeddable":true,"href":"https:\/\/www.europesays.com\/es\/wp-json\/wp\/v2\/media\/156823"}],"wp:attachment":[{"href":"https:\/\/www.europesays.com\/es\/wp-json\/wp\/v2\/media?parent=156822"}],"wp:term":[{"taxonomy":"category","embeddable":true,"href":"https:\/\/www.europesays.com\/es\/wp-json\/wp\/v2\/categories?post=156822"},{"taxonomy":"post_tag","embeddable":true,"href":"https:\/\/www.europesays.com\/es\/wp-json\/wp\/v2\/tags?post=156822"}],"curies":[{"name":"wp","href":"https:\/\/api.w.org\/{rel}","templated":true}]}}