{"id":156827,"date":"2025-10-04T17:29:16","date_gmt":"2025-10-04T17:29:16","guid":{"rendered":"https:\/\/www.europesays.com\/es\/156827\/"},"modified":"2025-10-04T17:29:16","modified_gmt":"2025-10-04T17:29:16","slug":"el-zapato-comodo-que-funciona-con-todo-y-no-son-zapatillas","status":"publish","type":"post","link":"https:\/\/www.europesays.com\/es\/156827\/","title":{"rendered":"el zapato c\u00f3modo que funciona con todo (y no son zapatillas)"},"content":{"rendered":"<p id=\"efVK2VxIn0\" data-wc=\"86\"><strong>Ana de Armas<\/strong> es una de esas actrices que buscan mantener su vida privada, pues, privada, de ah\u00ed que poco se sepa sobre <a class=\"hm-link hf-link\" href=\"https:\/\/www.hola.com\/actualidad\/20250730847268\/ana-de-armas-y-tom-cruise-pasean-su-amor-por-el-mundo-menorca-londres-y-ahora-vermont\/\" data-mrf-recirculation=\"article-body-link\" rel=\"nofollow noopener\" target=\"_blank\">la relaci\u00f3n que mantiene con Tom Cruise<\/a> desde que coincidieron en el rodaje de Deeper. A decir verdad, le hemos perdido la pista a la pareja; la cubana solo <a class=\"hm-link hf-link\" href=\"https:\/\/www.hola.com\/fashion\/20250901853151\/ana-de-armas-concierto-bad-bunny-vestido-blanco\/\" data-mrf-recirculation=\"article-body-link\" rel=\"nofollow noopener\" target=\"_blank\">se ha dejado ver en Puerto Rico<\/a> y, m\u00e1s recientemente, en Par\u00eds. Siempre en solitario, muy sonriente y, sobre todo, celosa de su intimidad. \u00bfTendr\u00e1 alguna cita rom\u00e1ntica pendiente en la ciudad del amor?<\/p>\n<p> <img src=\"https:\/\/www.europesays.com\/es\/wp-content\/uploads\/2025\/10\/e39bcf3c838e-dlu592141004.jpg\"   width=\"628\" height=\"1024\" loading=\"lazy\" decoding=\"async\" alt=\"Ana de Armas en la fiesta privada de Louis Vuitton en Par\u00eds\" fetchpriority=\"auto\" class=\"image hf-image\"\/>\u00a9 GTRES<br \/>\nAna de Armas, enigm\u00e1tica y minimalista en su llegada a Par\u00eds<\/p>\n<p id=\"eTUHrUYN8N\" data-wc=\"96\">Este lunes 29 de septiembre damos inicio a <a class=\"hm-link hf-link\" href=\"https:\/\/www.hola.com\/fashion\/20250911854496\/semanas-moda-septiembre-octubre-2025\/\" data-mrf-recirculation=\"article-body-link\" rel=\"nofollow noopener\" target=\"_blank\">una nueva edici\u00f3n de Paris Fashion Week<\/a>, la gran cita con la moda que Ana no se pierde por nada del mundo; al fin y al cabo, es una de las <strong>principales embajadoras de Louis Vuitton<\/strong>, cuyo desfile de la <a class=\"hm-link hf-link\" href=\"https:\/\/www.hola.com\/fashion\/tendencias\/20250928858354\/giorgio-armani-primavera-verano-2026-milan-fashion-week-desfile\/\" data-mrf-recirculation=\"article-body-link\" rel=\"nofollow noopener\" target=\"_blank\">colecci\u00f3n Primavera\/Verano 2026<\/a> se celebra en cuesti\u00f3n de horas. Ella aterriz\u00f3 con antelaci\u00f3n en la ciudad del amor y la alta costura, sin embargo, porque en sus planes estaba asistir a la cena previa al show, a la que solo est\u00e1n invitadas las amigas \u00edntimas de la maison.\u00a0<\/p>\n<p id=\"eGGFbyt5uh\" data-wc=\"91\">Tuvo lugar en <a class=\"hm-link hf-link\" href=\"https:\/\/www.hola.com\/viajes\/20250402823771\/experiencias-mas-exclusivas-paris\/\" data-mrf-recirculation=\"article-body-link\" rel=\"nofollow noopener\" target=\"_blank\">el restaurante Caviar Kaspia<\/a>, un s\u00edmbolo en s\u00ed mismo desde su fundaci\u00f3n, en 1927. Infinitas celebridades han pasado por este local que cuelga el cartel de exclusividad en la puerta. Luminarias c\u00e1lidas en las mesas, eclipsadas en muchos casos por el brillo de las estrellas que lo frecuentan; sus blinis o las patatas, obligatoriamente adornadas con caviar; el chocolate Kaspia, su postre insignia&#8230; Son incontables las razones por las que se ha convertido en templo de la gastronom\u00eda y punto de encuentro de la clientela VIP de Par\u00eds.<\/p>\n<p> <img src=\"https:\/\/www.europesays.com\/es\/wp-content\/uploads\/2025\/10\/14b1af0ce94b-dlu592141006.jpg\"   width=\"682\" height=\"1024\" loading=\"lazy\" decoding=\"async\" alt=\"Ana de Armas en la fiesta privada de Louis Vuitton en Par\u00eds\" fetchpriority=\"auto\" class=\"image hf-image\"\/>\u00a9 GTRES<br \/>\nSin rastro de Tom Cruise<\/p>\n<p id=\"ezM1_SClOxs\" data-wc=\"98\">Nadie descarta que el actor de Top Gun\u00a0y Misi\u00f3n Imposible se aparezca por sorpresa en Par\u00eds justo a tiempo para los desfiles, pero, por los momentos, Ana no quiso desvelar nada m\u00e1s en su encuentro con la prensa a la salida del local, y tampoco encontramos en su look pistas que nos permitan saber en qu\u00e9 punto se encuentra, \u00bfo s\u00ed? En 2025, <a class=\"hm-link hf-link\" href=\"https:\/\/www.hola.com\/fashion\/tendencias\/20250915855459\/alex-riviere-looks-colores-neutros-oficina\/\" data-mrf-recirculation=\"article-body-link\" rel=\"nofollow noopener\" target=\"_blank\">el armario de la actriz se ha te\u00f1ido de blanco y negro,<\/a> gamas tan minimalistas y puras como enigm\u00e1ticas que quiz\u00e1 indican que la int\u00e9rprete de Blonde y Ballerina\u00a0busca mantener un bajo perfil.\u00a0<\/p>\n<p id=\"eABpgiOL1vw\" data-wc=\"74\">Una tarea complicada si eres Ana de Armas y, especialmente, si te enfundas en <strong>un traje negro<\/strong> perfectamente entallado como el suyo, de<strong>\u00a0chaqueta con doble botonadura y pantalones rectos tobilleros<\/strong>, que inmediatamente hemos a\u00f1adido a nuestra lista de necesidades para la temporada de fr\u00edo. Cualquier plan de noche (e incluso alguno de d\u00eda) se resuelve con este conjunto de sastrer\u00eda eterno y sumamente elegante, que apenas exige complementos y joyas para verse bien.\u00a0<\/p>\n<p> <img src=\"https:\/\/www.europesays.com\/es\/wp-content\/uploads\/2025\/10\/76e6cf85caf2-dlu592141005.jpg\"   width=\"1080\" height=\"1080\" loading=\"lazy\" decoding=\"async\" alt=\"Ana de Armas en la fiesta privada de Louis Vuitton en Par\u00eds\" fetchpriority=\"auto\" class=\"image hf-image\"\/>\u00a9 GTRES<br \/>\nCoge apuntes de la realeza brit\u00e1nica: traje negro con mocasines<\/p>\n<p id=\"eUw8GA84FY\" data-wc=\"59\">Ana dio el ejemplo y remat\u00f3 todo con unos mocasines Academy,\u00a0de Louis Vuitton, realizados en cuero negro con leng\u00fceta de lona Monogram marr\u00f3n y hebilla dorada sobre el empeine. Se trata de un modelo que, aunque tiene variaciones actuales, ya no se vende en tiendas y puede ficharse solo de segunda mano, oscilando entre 750 y 1000 euros.\u00a0<\/p>\n<p>  <img src=\"https:\/\/www.europesays.com\/es\/wp-content\/uploads\/2025\/10\/41c717935088-gettyimages-2219060267.jpg\"   width=\"1080\" height=\"1800\" loading=\"lazy\" decoding=\"async\" alt=\"Lady Amelia Windsor \" fetchpriority=\"auto\" class=\"image hf-image\"\/>\u00a9 Getty Images<\/p>\n<p>  <img src=\"https:\/\/www.europesays.com\/es\/wp-content\/uploads\/2025\/10\/e9cf52d54fa1-amelia-windsor-1z-z.jpg\"   width=\"1080\" height=\"1800\" loading=\"lazy\" decoding=\"async\" alt=\"amelia windsor 1z\" fetchpriority=\"auto\" class=\"image hf-image\"\/>\u00a9 amelwindsor<\/p>\n<p id=\"eKqCjVvNBYU\" data-wc=\"52\">Para las chicas que no quieren calzar bailarinas, porque les parecen demasiado cursis, y tambi\u00e9n para las que adoran las zapatillas, pero saben que este calzado deportivo rompe con el protocolo de la mayor\u00eda de eventos, <a class=\"hm-link hf-link\" href=\"https:\/\/www.hola.com\/fashion\/20250921853853\/mocasines-espanoles-massimo-dutti\/\" data-mrf-recirculation=\"article-body-link\" rel=\"nofollow noopener\" target=\"_blank\">los mocasines son una alternativa perfecta<\/a>, con ese toque justo de sobriedad masculina y muy elegantes.\u00a0<\/p>\n<p id=\"eZubJFrICr\" data-wc=\"41\"><a class=\"hm-link hf-link\" href=\"https:\/\/www.hola.com\/fashion\/tendencias\/20241122731618\/amelia-windsor-mocasines-leopardo-zara-look-otono\/\" data-mrf-recirculation=\"article-body-link\" rel=\"nofollow noopener\" target=\"_blank\">Amalia Windsor<\/a> es una de las grandes defensoras de este truco de estilo y son ya varias las bodas y fiestas a las que ha asistido <a class=\"hm-link hf-link\" href=\"https:\/\/www.hola.com\/moda\/20250612837640\/lady-amelia-windsor-vestido-corto-mocasines\/\" data-mrf-recirculation=\"article-body-link\" rel=\"nofollow noopener\" target=\"_blank\">combinando un vestido de invitada y mocasines cl\u00e1sicos<\/a>, algunos de ellos hasta con suela dentada.<\/p>\n","protected":false},"excerpt":{"rendered":"Ana de Armas es una de esas actrices que buscan mantener su vida privada, pues, privada, de ah\u00ed&hellip;\n","protected":false},"author":2,"featured_media":156828,"comment_status":"","ping_status":"","sticky":false,"template":"","format":"standard","meta":{"footnotes":""},"categories":[174],"tags":[425,10313,255,253,146,147,25,24,256,46876,10,23,10314],"class_list":{"0":"post-156827","1":"post","2":"type-post","3":"status-publish","4":"format-standard","5":"has-post-thumbnail","7":"category-famosos","8":"tag-hola-fashion","9":"tag-ana-de-armas","10":"tag-celebrities","11":"tag-discover","12":"tag-entertainment","13":"tag-entretenimiento","14":"tag-es","15":"tag-espana","16":"tag-famosos","17":"tag-moda-otono-invierno","18":"tag-noticias","19":"tag-spain","20":"tag-tom-cruise"},"share_on_mastodon":{"url":"","error":""},"_links":{"self":[{"href":"https:\/\/www.europesays.com\/es\/wp-json\/wp\/v2\/posts\/156827","targetHints":{"allow":["GET"]}}],"collection":[{"href":"https:\/\/www.europesays.com\/es\/wp-json\/wp\/v2\/posts"}],"about":[{"href":"https:\/\/www.europesays.com\/es\/wp-json\/wp\/v2\/types\/post"}],"author":[{"embeddable":true,"href":"https:\/\/www.europesays.com\/es\/wp-json\/wp\/v2\/users\/2"}],"replies":[{"embeddable":true,"href":"https:\/\/www.europesays.com\/es\/wp-json\/wp\/v2\/comments?post=156827"}],"version-history":[{"count":0,"href":"https:\/\/www.europesays.com\/es\/wp-json\/wp\/v2\/posts\/156827\/revisions"}],"wp:featuredmedia":[{"embeddable":true,"href":"https:\/\/www.europesays.com\/es\/wp-json\/wp\/v2\/media\/156828"}],"wp:attachment":[{"href":"https:\/\/www.europesays.com\/es\/wp-json\/wp\/v2\/media?parent=156827"}],"wp:term":[{"taxonomy":"category","embeddable":true,"href":"https:\/\/www.europesays.com\/es\/wp-json\/wp\/v2\/categories?post=156827"},{"taxonomy":"post_tag","embeddable":true,"href":"https:\/\/www.europesays.com\/es\/wp-json\/wp\/v2\/tags?post=156827"}],"curies":[{"name":"wp","href":"https:\/\/api.w.org\/{rel}","templated":true}]}}