{"id":156829,"date":"2025-10-04T17:31:54","date_gmt":"2025-10-04T17:31:54","guid":{"rendered":"https:\/\/www.europesays.com\/es\/156829\/"},"modified":"2025-10-04T17:31:54","modified_gmt":"2025-10-04T17:31:54","slug":"la-biblioteca-barroca-que-parece-un-palacio-y-guarda-mas-de-60-000-libros-antiguos","status":"publish","type":"post","link":"https:\/\/www.europesays.com\/es\/156829\/","title":{"rendered":"La biblioteca barroca que parece un palacio y guarda m\u00e1s de 60.000 libros antiguos"},"content":{"rendered":"<p><img alt=\"Ubicada en la Universidad de\" class=\"global-image\" decoding=\"async\" fetchpriority=\"high\" height=\"1080\" loading=\"eager\" src=\"https:\/\/www.europesays.com\/es\/wp-content\/uploads\/2025\/10\/F426MBV3WBDQ5CQH2MPKZWGIOQ.jpg\" width=\"1920\"\/>Ubicada en la Universidad de Co\u00edmbra, la Biblioteca Joanina es considerada una de las bibliotecas m\u00e1s espectaculares del mundo por su riqueza ornamental y legado hist\u00f3rico (www.centerofportugal.com)<\/p>\n<p class=\"paragraph\">En el coraz\u00f3n de la Universidad de Co\u00edmbra, en Portugal, la <a rel=\"noopener noreferrer nofollow\" href=\"https:\/\/www.infobae.com\/espana\/viajes\/2025\/03\/21\/estas-son-las-bibliotecas-mas-bonitas-del-mundo-arte-y-cultura-para-celebrar-el-dia-mundial-de-la-poesia\/\" target=\"_blank\" title=\"https:\/\/www.infobae.com\/espana\/viajes\/2025\/03\/21\/estas-son-las-bibliotecas-mas-bonitas-del-mundo-arte-y-cultura-para-celebrar-el-dia-mundial-de-la-poesia\/\"><b>Biblioteca Joanina<\/b><\/a> se alza como testigo de siglos dedicados al saber. Su construcci\u00f3n, impulsada por el rey Juan V entre 1717 y 1728, le otorg\u00f3 una presencia majestuosa que a\u00fan hoy deslumbra a quienes cruzan sus puertas. La arquitectura barroca, visible en cada rinc\u00f3n, junto con su trayectoria como refugio del conocimiento, convierten a este edificio en un punto de encuentro para visitantes que buscan admirar tanto <a rel=\"noopener noreferrer nofollow\" href=\"https:\/\/www.infobae.com\/turismo\/2018\/08\/17\/desde-egipto-hasta-portugal-las-10-bibliotecas-mas-antiguas-e-impresionantes-del-mundo\/\" target=\"_blank\" title=\"https:\/\/www.infobae.com\/turismo\/2018\/08\/17\/desde-egipto-hasta-portugal-las-10-bibliotecas-mas-antiguas-e-impresionantes-del-mundo\/\">su belleza como su legado hist\u00f3rico.<\/a><\/p>\n<p class=\"paragraph\">Se trata de uno de los lugares m\u00e1s emblem\u00e1ticos del patrimonio portugu\u00e9s y genera asombro tanto a locales como a turistas por igual<b>. La prensa internacional la define como \u201cuna de las bibliotecas m\u00e1s espectaculares del mundo<\/b>\u201d y \u201cuna obra maestra del barroco europeo\u201d. Seg\u00fan detall\u00f3<b> Center of Portugal<\/b>, <b>su interior se caracteriza por la riqueza ornamental<\/b>: estanter\u00edas talladas en madera ex\u00f3tica, recubiertas de pan de oro y techos con pinturas que generan un efecto de profundidad. El espacio central est\u00e1 formado por tres salas conectadas, todas con detalles art\u00edsticos que transmiten grandeza y solemnidad.<\/p>\n<p><img alt=\"El edificio combina arte, ciencia\" class=\"global-image\" decoding=\"async\" fetchpriority=\"low\" height=\"1080\" loading=\"lazy\" src=\"https:\/\/www.europesays.com\/es\/wp-content\/uploads\/2025\/10\/JNEIOEGRIVDOLC63AO5HPSULJU.jpg\" width=\"1920\"\/>El edificio combina arte, ciencia y patrimonio, con estanter\u00edas talladas, techos pintados y un sistema natural de protecci\u00f3n de libros mediante murci\u00e9lagos (www.centerofportugal.com)<\/p>\n<p class=\"paragraph\">De acuerdo con la informaci\u00f3n difundida por Meteored, <b>la biblioteca custodia m\u00e1s de 60.000 vol\u00famenes<\/b>, la mayor\u00eda impresos entre los siglos XVI y XVIII. Dentro de su acervo sobresalen ediciones antiguas de la Biblia y textos pioneros de la literatura portuguesa. Cada sala presenta un mensaje simb\u00f3lico y promueve valores como la virtud y el honor, lo que refleja la visi\u00f3n humanista de sus fundadores. El mensaje visual y la disposici\u00f3n de los libros sugieren que el conocimiento es universal y debe encontrarse en diversas fuentes.<\/p>\n<p class=\"paragraph\">Uno de los aspectos m\u00e1s llamativos del edificio reside en su dise\u00f1o orientado a la protecci\u00f3n de los libros. Los muros anchos y la estructura interior, hecha en parte con madera de roble, favorecen la estabilidad de la temperatura y de la humedad. Adem\u00e1s,<b> durante la noche, peque\u00f1os murci\u00e9lagos circulan por la biblioteca y eliminan insectos <\/b>que pueden da\u00f1ar los documentos. Este m\u00e9todo natural de conservaci\u00f3n representa una soluci\u00f3n eficaz que se mantiene desde hace siglos.<\/p>\n<p><img alt=\"Un proyecto de digitalizaci\u00f3n busca\" class=\"global-image\" decoding=\"async\" fetchpriority=\"low\" height=\"1080\" loading=\"lazy\" src=\"https:\/\/www.europesays.com\/es\/wp-content\/uploads\/2025\/10\/C4GSVCBQNZHJXGGXUSIALCGA6Q.jpg\" width=\"1920\"\/>Un proyecto de digitalizaci\u00f3n busca preservar y facilitar el acceso remoto a cerca de 30.000 libros antiguos de la Biblioteca Joanina (www.centerofportugal.com)<\/p>\n<p class=\"paragraph\">El acceso a la Biblioteca Joanina es limitado para preservar el estado de los manuscritos y el mobiliario. <b>Los visitantes deben sumarse a grupos reducidos por tiempo acotado<\/b> y no pueden sacar fotograf\u00edas, lo que contribuye a proteger el patrimonio y promueve una experiencia de contemplaci\u00f3n enfocada. Por lo general, la entrada incluye una visita a otros espacios hist\u00f3ricos relacionados, como la Capilla de S\u00e3o Miguel y el Palacio Real, integrados en el complejo conocido como Pa\u00e7o das Escolas. El recorrido conduce a trav\u00e9s de antiguas mazmorras y concluye en la sala principal de exhibici\u00f3n donde se exhiben las obras m\u00e1s valiosas.<\/p>\n<p class=\"paragraph\">La relevancia de la Biblioteca Joanina no se limita a su herencia hist\u00f3rica. En la actualidad, seg\u00fan lo informado por Meteored, <b>se desarrolla un proyecto orientado a la digitalizaci\u00f3n de cerca de 30.000 libros <\/b>de su fondo antiguo. Esta iniciativa facilita el acceso remoto de investigadores a textos \u00fanicos, sin que el uso f\u00edsico deteriore los originales. Se intenta as\u00ed preservar la memoria escrita y ofrecer alternativas modernas para el estudio y la consulta.<\/p>\n<p class=\"paragraph\">El edificio tambi\u00e9n contiene dos pisos subterr\u00e1neos, que en el pasado funcionaban como prisi\u00f3n universitaria. Este detalle a\u00f1ade una nueva dimensi\u00f3n a la historia local, debido a que la biblioteca convivi\u00f3 con diferentes usos a lo largo del tiempo y conserv\u00f3 vestigios de \u00e9pocas anteriores. Muchos turistas extranjeros acuden a Co\u00edmbra para apreciar en persona esta diversidad de ambientes y la riqueza del conjunto arquitect\u00f3nico.<\/p>\n<p><img alt=\"Un proyecto de digitalizaci\u00f3n busca\" class=\"global-image\" decoding=\"async\" fetchpriority=\"low\" height=\"1080\" loading=\"lazy\" src=\"https:\/\/www.europesays.com\/es\/wp-content\/uploads\/2025\/10\/FDWMNLCFIRHKZDCDA67XXSMR7U.jpg\" width=\"1920\"\/>Un proyecto de digitalizaci\u00f3n busca preservar y facilitar el acceso remoto a cerca de 30.000 libros antiguos de la Biblioteca Joanina (www.centerofportugal.com)<\/p>\n<p class=\"paragraph\">Un aspecto que distingue a la Biblioteca Joanina de otros centros similares radica en la armon\u00eda entre arte, ciencia y patrimonio.<b> El dise\u00f1o busca impresionar pero tambi\u00e9n cumplir con una funci\u00f3n esencial<\/b>: el resguardo y la transmisi\u00f3n del saber. La decoraci\u00f3n remite, de manera simb\u00f3lica, a temas fundamentales de la cultura portuguesa y europea, mientras que sus colecciones representan un testimonio concreto de la evoluci\u00f3n del pensamiento.<\/p>\n<p class=\"paragraph\">El proceso de digitalizaci\u00f3n y las pol\u00edticas de conservaci\u00f3n ponen de manifiesto el compromiso de las autoridades acad\u00e9micas y gubernamentales con la protecci\u00f3n de este bien cultural. La apertura progresiva a los p\u00fablicos internacionales demuestra, adem\u00e1s, un <b>inter\u00e9s por compartir la herencia portugesa<\/b> con otras naciones y promover el intercambio intelectual sin poner en riesgo los libros originales.<\/p>\n<p class=\"paragraph\">La Biblioteca Joanina sobresale entre las bibliotecas m\u00e1s bellas y valiosas del mundo. <b>Su historia re\u00fane arte, ciencia y m\u00e9todos tradicionales de conservaci\u00f3n. <\/b>Permite estudiar el pasado y, al mismo tiempo, anticipa desaf\u00edos futuros en la gesti\u00f3n de bibliotecas patrimoniales. De acuerdo con Meteored, este enclave confirma que el cuidado de la memoria colectiva puede coexistir con las nuevas tecnolog\u00edas sin perder profundidad ni prestigio.<\/p>\n","protected":false},"excerpt":{"rendered":"Ubicada en la Universidad de Co\u00edmbra, la Biblioteca Joanina es considerada una de las bibliotecas m\u00e1s espectaculares del&hellip;\n","protected":false},"author":2,"featured_media":156830,"comment_status":"","ping_status":"","sticky":false,"template":"","format":"standard","meta":{"footnotes":""},"categories":[172],"tags":[224,146,147,25,24,225,23],"class_list":{"0":"post-156829","1":"post","2":"type-post","3":"status-publish","4":"format-standard","5":"has-post-thumbnail","7":"category-libros","8":"tag-books","9":"tag-entertainment","10":"tag-entretenimiento","11":"tag-es","12":"tag-espana","13":"tag-libros","14":"tag-spain"},"share_on_mastodon":{"url":"","error":""},"_links":{"self":[{"href":"https:\/\/www.europesays.com\/es\/wp-json\/wp\/v2\/posts\/156829","targetHints":{"allow":["GET"]}}],"collection":[{"href":"https:\/\/www.europesays.com\/es\/wp-json\/wp\/v2\/posts"}],"about":[{"href":"https:\/\/www.europesays.com\/es\/wp-json\/wp\/v2\/types\/post"}],"author":[{"embeddable":true,"href":"https:\/\/www.europesays.com\/es\/wp-json\/wp\/v2\/users\/2"}],"replies":[{"embeddable":true,"href":"https:\/\/www.europesays.com\/es\/wp-json\/wp\/v2\/comments?post=156829"}],"version-history":[{"count":0,"href":"https:\/\/www.europesays.com\/es\/wp-json\/wp\/v2\/posts\/156829\/revisions"}],"wp:featuredmedia":[{"embeddable":true,"href":"https:\/\/www.europesays.com\/es\/wp-json\/wp\/v2\/media\/156830"}],"wp:attachment":[{"href":"https:\/\/www.europesays.com\/es\/wp-json\/wp\/v2\/media?parent=156829"}],"wp:term":[{"taxonomy":"category","embeddable":true,"href":"https:\/\/www.europesays.com\/es\/wp-json\/wp\/v2\/categories?post=156829"},{"taxonomy":"post_tag","embeddable":true,"href":"https:\/\/www.europesays.com\/es\/wp-json\/wp\/v2\/tags?post=156829"}],"curies":[{"name":"wp","href":"https:\/\/api.w.org\/{rel}","templated":true}]}}