{"id":156848,"date":"2025-10-04T17:44:10","date_gmt":"2025-10-04T17:44:10","guid":{"rendered":"https:\/\/www.europesays.com\/es\/156848\/"},"modified":"2025-10-04T17:44:10","modified_gmt":"2025-10-04T17:44:10","slug":"morante-juan-ortega-y-marco-perez-en-el-cartelazo-de-ubeda","status":"publish","type":"post","link":"https:\/\/www.europesays.com\/es\/156848\/","title":{"rendered":"Morante, Juan Ortega y Marco P\u00e9rez, en el cartelazo de \u00dabeda"},"content":{"rendered":"<p>Empez\u00f3 fuerte la tarde en <strong>\u00dabeda. Morante de la Puebla<\/strong> cuaj\u00f3 un ramillete de templadas ver\u00f3nicas con una media a pies juntos a c\u00e1mara lenta. El toro de<strong> Juan Pedro Domecq<\/strong> muy noble y justito de fuerzas. El quite variado levant\u00f3 una gran ovaci\u00f3n del respetable. Se ajust\u00f3 el torero en un espl\u00e9ndido inicio por ayudados. Dos templadas series sobre la diestra, erguida la planta toreando muy relajada. Al natural en el mismo, sufri\u00f3 <strong>Morante<\/strong> una espectacular voltereta. Momento de tensi\u00f3n que qued\u00f3 en el susto. Se levant\u00f3 enrabietado cuajando otra portentosa serie sobre el lado derecho. La estocada fue fulminante, cortando dos orejas pedidas por unanimidad.<\/p>\n<p>El cuarto de <strong>Jandilla<\/strong> estuvo justo de todo. No se luci\u00f3 con el capote, pero a <strong>Morante de la Puebla<\/strong> siempre hay que esperarlo. Y eso fue lo qu\u00e9 pas\u00f3, que, con poco material se invent\u00f3 una faena que poco a poco fue calando en los tendidos, para de menos a m\u00e1s extraer de forma milagrosa unos naturales de bell\u00edsima factura. Vaya manera de torear, asentando las zapatillas y corriendo la mano con suavidad y temple, acariciando la embestida. M\u00e1s con menos es imposible, poniendo la plaza en pie en la \u00faltima serie al natural. Sus ayudados finales tuvieron el sabor a\u00f1ejo de los m\u00e1s grandes. Pinchazo y estocada, cortando una oreja.<\/p>\n<p><strong>Juan Ortega<\/strong> recibi\u00f3 al segundo de <strong>Jandilla<\/strong> con arrebatadoras ver\u00f3nicas con el comp\u00e1s abierto y dos medias de remate. Gran puyazo de<strong> Jos\u00e9 Palomares.<\/strong> Se luci\u00f3 en un vistoso quite por delantales. Fue excepcional el inicio por bajo intentando ralentizar la entregada embestida del <strong>Jandilla<\/strong>. Las dos primeras tandas sobre la diestra tuvieron ligaz\u00f3n. Por el pit\u00f3n izquierdo protest\u00f3 poni\u00e9ndose inc\u00f3modo para el torero. Volvi\u00f3 a la diestra intentando subir de nuevo el nivel de su faena que fue de m\u00e1s a menos. Hizo muy bien la suerte suprema cobrando una gran estocada. Dos orejas.<\/p>\n<p>De rodillas recibi\u00f3<strong> Marco P\u00e9rez<\/strong> al jandilla que hizo tercero. El toro tuvo alegr\u00eda en su embestida, luci\u00e9ndose de nuevo el salmantino en un ajustado quite por chicuelinas. En banderillas saludaron una gran ovaci\u00f3n los subalternos <strong>El\u00edas Mart\u00edn y Jos\u00e9 Antonio Prestel.<\/strong> Brind\u00f3 al p\u00fablico, iniciando su labor de muleta en el centro del platillo con pases cambiados por la espalda. Entregado el menudo torero realiz\u00f3 una labor qu\u00e9 cal\u00f3 en los tendidos. Tanto en su toreo de derechas como al natural encontr\u00f3 el lucimiento, poniendo la plaza en pie en el tramo final y en la corta distancia. En la suerte contraria se atrac\u00f3 de toro cobrando una estocada entera qu\u00e9 qued\u00f3 algo trasera. Cort\u00f3 los m\u00e1ximos trofeos, dos orejas y rabo.<\/p>\n<p><strong>\u00dabeda (Ja\u00e9n).<\/strong> S\u00e1bado 4 de octubre de 2025. Toros de <strong>Juan Pedro Domecq (1\u00ba, 5\u00ba y 6\u00ba) y Jandilla. <\/strong>El gran tercero, ovacionado en el arrastre. <strong>Morante de la Puebla<\/strong>, dos orejas y oreja; <strong>Juan Ortega<\/strong>, dos orejas; y <strong>Marco P\u00e9rez<\/strong>, que sustitu\u00eda a Roca Rey, dos orejas y rabo.<strong> Entrada<\/strong>: No Hay Billetes. En banderillas saludaron una gran ovaci\u00f3n los subalternos <strong>El\u00edas Mart\u00edn y Jos\u00e9 Antonio Prestel<\/strong> tras parear al tercero.<\/p>\n","protected":false},"excerpt":{"rendered":"Empez\u00f3 fuerte la tarde en \u00dabeda. Morante de la Puebla cuaj\u00f3 un ramillete de templadas ver\u00f3nicas con una&hellip;\n","protected":false},"author":2,"featured_media":156849,"comment_status":"","ping_status":"","sticky":false,"template":"","format":"standard","meta":{"footnotes":""},"categories":[277],"tags":[45,373,168,25,24,4035,21103,780,1226,1227,32630,23,167,625,374,45144],"class_list":{"0":"post-156848","1":"post","2":"type-post","3":"status-publish","4":"format-standard","5":"has-post-thumbnail","7":"category-toreo","8":"tag-45","9":"tag-bullfighting","10":"tag-deportes","11":"tag-es","12":"tag-espana","13":"tag-juan-ortega","14":"tag-marco-perez","15":"tag-morante","16":"tag-noticias-de-toros","17":"tag-noticias-taurinas","18":"tag-san-miguel","19":"tag-spain","20":"tag-sports","21":"tag-tauromaquia","22":"tag-toreo","23":"tag-ubeda"},"share_on_mastodon":{"url":"","error":""},"_links":{"self":[{"href":"https:\/\/www.europesays.com\/es\/wp-json\/wp\/v2\/posts\/156848","targetHints":{"allow":["GET"]}}],"collection":[{"href":"https:\/\/www.europesays.com\/es\/wp-json\/wp\/v2\/posts"}],"about":[{"href":"https:\/\/www.europesays.com\/es\/wp-json\/wp\/v2\/types\/post"}],"author":[{"embeddable":true,"href":"https:\/\/www.europesays.com\/es\/wp-json\/wp\/v2\/users\/2"}],"replies":[{"embeddable":true,"href":"https:\/\/www.europesays.com\/es\/wp-json\/wp\/v2\/comments?post=156848"}],"version-history":[{"count":0,"href":"https:\/\/www.europesays.com\/es\/wp-json\/wp\/v2\/posts\/156848\/revisions"}],"wp:featuredmedia":[{"embeddable":true,"href":"https:\/\/www.europesays.com\/es\/wp-json\/wp\/v2\/media\/156849"}],"wp:attachment":[{"href":"https:\/\/www.europesays.com\/es\/wp-json\/wp\/v2\/media?parent=156848"}],"wp:term":[{"taxonomy":"category","embeddable":true,"href":"https:\/\/www.europesays.com\/es\/wp-json\/wp\/v2\/categories?post=156848"},{"taxonomy":"post_tag","embeddable":true,"href":"https:\/\/www.europesays.com\/es\/wp-json\/wp\/v2\/tags?post=156848"}],"curies":[{"name":"wp","href":"https:\/\/api.w.org\/{rel}","templated":true}]}}