{"id":156850,"date":"2025-10-04T17:48:18","date_gmt":"2025-10-04T17:48:18","guid":{"rendered":"https:\/\/www.europesays.com\/es\/156850\/"},"modified":"2025-10-04T17:48:18","modified_gmt":"2025-10-04T17:48:18","slug":"ivan-romeo-se-retira-del-mundial-de-ruanda-en-la-prueba-en-ruta","status":"publish","type":"post","link":"https:\/\/www.europesays.com\/es\/156850\/","title":{"rendered":"Iv\u00e1n Romeo se retira del Mundial de Ruanda en la prueba en ruta"},"content":{"rendered":"<p class=\"paragraph\">El<b> a\u00f1o 2025 de Iv\u00e1n Romeo<\/b> siempre ser\u00e1 recordado por el ciclista vallisoletano por sus primeras victorias de etapa profesionales, su presencia en la primera grande (el Tour de Francia) haciendo un buen papel y el <b>broche <\/b>en este mes de septiembre con un Mundial en Ruanda que ven\u00eda preparando desde hace una semana.<b> D\u00edas muy intensos que llegan a su fin con luces y sombras<\/b>, junto a un final que seguramente no sea el esperado, pero el<b> estado de salud del pucelano<\/b> le ha impedido estar al 100% en el tramo final.<\/p>\n<p>            <a href=\"#\" title=\"\"><\/p>\n<p>                    <img loading=\"lazy\" decoding=\"async\" data-index=\"\" width=\"140\" height=\"140\" alt=\"Iv\u00e1n Romeo durante la contrarreloj del Mundial en Ruanda.\" data-full=\"[object Object]\" data-original=\"[object Object]\" src=\"https:\/\/imagenes.diariodevalladolid.es\/files\/related_image\/uploads\/2025\/09\/21\/68d032e094444.jpeg\" data-full-src=\"https:\/\/www.europesays.com\/es\/wp-content\/uploads\/2025\/10\/68d032e094444.jpeg\"\/><\/p>\n<p>            <\/a><\/p>\n<p class=\"paragraph\">Tras su <b>buen papel (11\u00ba puesto)<\/b> en una crono en la que estaban puestas todas las miradas del pucelano y la <b>sexta posici\u00f3n en los relevos mixtos<\/b>, el Mundial en Ruanda conclu\u00eda con la prueba en ruta en la que Ra\u00fal Garc\u00eda Pierna lideraba la escapada con un ataque muy tempranero. La Real Federaci\u00f3n Espa\u00f1ola de Ciclismo ha informado de que el vallisoletano, que lleva <b>d\u00edas sufriendo un catarro<\/b>, ha ayudado al equipo en el primer tramo pese a sus problemas durante estos \u00faltimos d\u00edas, y a 150 kil\u00f3metros de meta ha decidido <b>poner fin a su estad\u00eda en este primer Mundial absoluto<\/b>.<\/p>\n<p class=\"c-detail__media__subtitle\">\n<p>        Iv\u00e1n Romeo en el momento de su retirada en el Mundial de Ruanda.EM<\/p>\n<p class=\"paragraph\">Como inicio ha sido un<b> a\u00f1o deportivo bueno para Romeo<\/b>, con <b>tres victorias de etapa<\/b> y la <b>presencia en un Mundial Absoluto<\/b> con tan solo 23 a\u00f1os. Las <b>dotes, la casta y el talento<\/b> se han apreciado en el corredor de Movistar Team en cada etapa que ha disputado y tiene por delante un <b>futuro muy prometedor<\/b> en el que se esperan <b>grandes \u00e9xitos con estos buenos resultados<\/b> en el primer a\u00f1o en la \u00e9lite del ciclismo internacional.<\/p>\n","protected":false},"excerpt":{"rendered":"El a\u00f1o 2025 de Iv\u00e1n Romeo siempre ser\u00e1 recordado por el ciclista vallisoletano por sus primeras victorias de&hellip;\n","protected":false},"author":2,"featured_media":156851,"comment_status":"","ping_status":"","sticky":false,"template":"","format":"standard","meta":{"footnotes":""},"categories":[273],"tags":[313,312,168,25,24,7461,25063,23,167,462],"class_list":{"0":"post-156850","1":"post","2":"type-post","3":"status-publish","4":"format-standard","5":"has-post-thumbnail","7":"category-ciclismo","8":"tag-ciclismo","9":"tag-cycling","10":"tag-deportes","11":"tag-es","12":"tag-espana","13":"tag-ivan-romeo","14":"tag-ruanda","15":"tag-spain","16":"tag-sports","17":"tag-tour-de-francia"},"share_on_mastodon":{"url":"","error":""},"_links":{"self":[{"href":"https:\/\/www.europesays.com\/es\/wp-json\/wp\/v2\/posts\/156850","targetHints":{"allow":["GET"]}}],"collection":[{"href":"https:\/\/www.europesays.com\/es\/wp-json\/wp\/v2\/posts"}],"about":[{"href":"https:\/\/www.europesays.com\/es\/wp-json\/wp\/v2\/types\/post"}],"author":[{"embeddable":true,"href":"https:\/\/www.europesays.com\/es\/wp-json\/wp\/v2\/users\/2"}],"replies":[{"embeddable":true,"href":"https:\/\/www.europesays.com\/es\/wp-json\/wp\/v2\/comments?post=156850"}],"version-history":[{"count":0,"href":"https:\/\/www.europesays.com\/es\/wp-json\/wp\/v2\/posts\/156850\/revisions"}],"wp:featuredmedia":[{"embeddable":true,"href":"https:\/\/www.europesays.com\/es\/wp-json\/wp\/v2\/media\/156851"}],"wp:attachment":[{"href":"https:\/\/www.europesays.com\/es\/wp-json\/wp\/v2\/media?parent=156850"}],"wp:term":[{"taxonomy":"category","embeddable":true,"href":"https:\/\/www.europesays.com\/es\/wp-json\/wp\/v2\/categories?post=156850"},{"taxonomy":"post_tag","embeddable":true,"href":"https:\/\/www.europesays.com\/es\/wp-json\/wp\/v2\/tags?post=156850"}],"curies":[{"name":"wp","href":"https:\/\/api.w.org\/{rel}","templated":true}]}}