{"id":156852,"date":"2025-10-04T17:49:08","date_gmt":"2025-10-04T17:49:08","guid":{"rendered":"https:\/\/www.europesays.com\/es\/156852\/"},"modified":"2025-10-04T17:49:08","modified_gmt":"2025-10-04T17:49:08","slug":"f1-sainz-y-albon-saldran-ultimos-en-premio-singapur","status":"publish","type":"post","link":"https:\/\/www.europesays.com\/es\/156852\/","title":{"rendered":"F1: Sainz y Albon saldr\u00e1n \u00faltimos en premio Singapur"},"content":{"rendered":"<p>La <strong>Federaci\u00f3n Internacional de Automovilismo<\/strong> (<strong>FIA<\/strong>) ha informado que los pilotos de la escuder\u00eda Williams, el espa\u00f1ol Carlos Sainz y el tailand\u00e9s Alex Alb\u00f3n, han sido descalificados de la sesi\u00f3n clasificatoria del Gran Premio de Singapur. <\/p>\n<p>Superaron el l\u00edmite m\u00e1ximo de <strong>85 mil\u00edmetros<\/strong> a ambos lados del \u00e1rea exterior del <strong>aler\u00f3n trasero<\/strong> (DRS).<\/p>\n<p>Seg\u00fan la <strong>FIA<\/strong>, y dado que esto incumple el art\u00edculo 3.10.10 g de las Reglas T\u00e9cnicas, los tiempos realizados por ambos pilotos quedan invalidados y saldr\u00e1n ma\u00f1ana en la posici\u00f3n 19\u00aa, en el caso de <strong>Alb\u00f3n<\/strong>, y 20\u00aa, para Sainz.<\/p>\n<p>Resultados de la Q3<\/p>\n<ul class=\"list-text\">\n<li>Cabe recordar que el piloto nacido en Londres hab\u00eda alcanzado la 12\u00aa plaza en la Q3, mientras que el madrile\u00f1o logr\u00f3 el 13\u00ba en una complicada sesi\u00f3n para la escuder\u00eda brit\u00e1nica. EFE<\/li>\n<\/ul>\n<p>1011043<\/p>\n<p class=\"w-auto\" style=\"font-size: 21px;\">Fehaciente, fidedigno y f\u00e1cil. Agencia de\u00a0noticias\u00a0multimedia en espa\u00f1ol.\u00a0<\/p>\n","protected":false},"excerpt":{"rendered":"La Federaci\u00f3n Internacional de Automovilismo (FIA) ha informado que los pilotos de la escuder\u00eda Williams, el espa\u00f1ol Carlos&hellip;\n","protected":false},"author":2,"featured_media":156853,"comment_status":"","ping_status":"","sticky":false,"template":"","format":"standard","meta":{"footnotes":""},"categories":[270],"tags":[168,25,24,306,271,272,23,167],"class_list":{"0":"post-156852","1":"post","2":"type-post","3":"status-publish","4":"format-standard","5":"has-post-thumbnail","7":"category-formula-1","8":"tag-deportes","9":"tag-es","10":"tag-espana","11":"tag-f1","12":"tag-formula-1","13":"tag-formula1","14":"tag-spain","15":"tag-sports"},"share_on_mastodon":{"url":"","error":""},"_links":{"self":[{"href":"https:\/\/www.europesays.com\/es\/wp-json\/wp\/v2\/posts\/156852","targetHints":{"allow":["GET"]}}],"collection":[{"href":"https:\/\/www.europesays.com\/es\/wp-json\/wp\/v2\/posts"}],"about":[{"href":"https:\/\/www.europesays.com\/es\/wp-json\/wp\/v2\/types\/post"}],"author":[{"embeddable":true,"href":"https:\/\/www.europesays.com\/es\/wp-json\/wp\/v2\/users\/2"}],"replies":[{"embeddable":true,"href":"https:\/\/www.europesays.com\/es\/wp-json\/wp\/v2\/comments?post=156852"}],"version-history":[{"count":0,"href":"https:\/\/www.europesays.com\/es\/wp-json\/wp\/v2\/posts\/156852\/revisions"}],"wp:featuredmedia":[{"embeddable":true,"href":"https:\/\/www.europesays.com\/es\/wp-json\/wp\/v2\/media\/156853"}],"wp:attachment":[{"href":"https:\/\/www.europesays.com\/es\/wp-json\/wp\/v2\/media?parent=156852"}],"wp:term":[{"taxonomy":"category","embeddable":true,"href":"https:\/\/www.europesays.com\/es\/wp-json\/wp\/v2\/categories?post=156852"},{"taxonomy":"post_tag","embeddable":true,"href":"https:\/\/www.europesays.com\/es\/wp-json\/wp\/v2\/tags?post=156852"}],"curies":[{"name":"wp","href":"https:\/\/api.w.org\/{rel}","templated":true}]}}