{"id":156854,"date":"2025-10-04T17:51:23","date_gmt":"2025-10-04T17:51:23","guid":{"rendered":"https:\/\/www.europesays.com\/es\/156854\/"},"modified":"2025-10-04T17:51:23","modified_gmt":"2025-10-04T17:51:23","slug":"muere-raul-ramirez-portero-de-19-anos-del-colindres-tras-un-golpe-fortuito-durante-un-partido","status":"publish","type":"post","link":"https:\/\/www.europesays.com\/es\/156854\/","title":{"rendered":"Muere Ra\u00fal Ram\u00edrez, portero de 19 a\u00f1os del Colindres, tras un golpe fortuito durante un partido"},"content":{"rendered":"<p>Actualizado  Lunes,<br \/>\n29<br \/>\nseptiembre<br \/>\n2025<br \/>\n&#8211;<br \/>\n15:31<\/p>\n<p class=\"ue-c-article__paragraph\"><strong>Ra\u00fal Ram\u00edrez<\/strong>, portero del Club Deportivo Colindres (Cantabria), de 19 a\u00f1os, ha fallecido este lunes tras sufrir un golpe fortuito en la cabeza el pasado s\u00e1bado, durante un partido de su equipo.<\/p>\n<p class=\"ue-c-article__paragraph\">El joven fue ingresado en la<strong> UCI del hospital de Valdecilla, de Santander<\/strong>, tras el golpe con un jugador del equipo contrario, el Revilla de Camargo, que como el Colindres est\u00e1n en la Tercera Divisi\u00f3n RFEF.<\/p>\n<p class=\"ue-c-article__paragraph\">Tras el golpe, el joven sufri\u00f3 una <strong>parada cardiorrespitoria<\/strong> en el propio campo y<strong> otra, en la ambulancia<\/strong>, cuando iba de camino del centro hospitalario, donde ha fallecido este lunes, seg\u00fan han informado a EFE fuentes del cercanas al club c\u00e1ntabro.<\/p>\n<p class=\"ue-c-article__paragraph\">La presidenta de Cantabria, <strong>Mar\u00eda Jos\u00e9 S\u00e1enz de Buruaga<\/strong>, ha lamentado la muerte de Ra\u00fal y ha mostrado la conmoci\u00f3n de la comunidad aut\u00f3noma por su fallecimiento.<\/p>\n<p class=\"ue-c-article__paragraph\">\u00abUn muchacho lleno de vida, <strong>de sue\u00f1os y de futuro<\/strong>. Todo mi cari\u00f1o y el de Cantabria para su familia, sus amigos y para toda la familia del f\u00fatbol c\u00e1ntabro\u00bb, ha se\u00f1alado en sus redes sociales la jefe del Ejecutivo c\u00e1ntabro.<\/p>\n","protected":false},"excerpt":{"rendered":"Actualizado Lunes, 29 septiembre 2025 &#8211; 15:31 Ra\u00fal Ram\u00edrez, portero del Club Deportivo Colindres (Cantabria), de 19 a\u00f1os,&hellip;\n","protected":false},"author":2,"featured_media":156855,"comment_status":"","ping_status":"","sticky":false,"template":"","format":"standard","meta":{"footnotes":""},"categories":[268],"tags":[168,7756,25,24,280,282,281,23,167],"class_list":{"0":"post-156854","1":"post","2":"type-post","3":"status-publish","4":"format-standard","5":"has-post-thumbnail","7":"category-futbol","8":"tag-deportes","9":"tag-deportes-futbol","10":"tag-es","11":"tag-espana","12":"tag-football","13":"tag-futbol","14":"tag-soccer","15":"tag-spain","16":"tag-sports"},"share_on_mastodon":{"url":"","error":""},"_links":{"self":[{"href":"https:\/\/www.europesays.com\/es\/wp-json\/wp\/v2\/posts\/156854","targetHints":{"allow":["GET"]}}],"collection":[{"href":"https:\/\/www.europesays.com\/es\/wp-json\/wp\/v2\/posts"}],"about":[{"href":"https:\/\/www.europesays.com\/es\/wp-json\/wp\/v2\/types\/post"}],"author":[{"embeddable":true,"href":"https:\/\/www.europesays.com\/es\/wp-json\/wp\/v2\/users\/2"}],"replies":[{"embeddable":true,"href":"https:\/\/www.europesays.com\/es\/wp-json\/wp\/v2\/comments?post=156854"}],"version-history":[{"count":0,"href":"https:\/\/www.europesays.com\/es\/wp-json\/wp\/v2\/posts\/156854\/revisions"}],"wp:featuredmedia":[{"embeddable":true,"href":"https:\/\/www.europesays.com\/es\/wp-json\/wp\/v2\/media\/156855"}],"wp:attachment":[{"href":"https:\/\/www.europesays.com\/es\/wp-json\/wp\/v2\/media?parent=156854"}],"wp:term":[{"taxonomy":"category","embeddable":true,"href":"https:\/\/www.europesays.com\/es\/wp-json\/wp\/v2\/categories?post=156854"},{"taxonomy":"post_tag","embeddable":true,"href":"https:\/\/www.europesays.com\/es\/wp-json\/wp\/v2\/tags?post=156854"}],"curies":[{"name":"wp","href":"https:\/\/api.w.org\/{rel}","templated":true}]}}