{"id":156859,"date":"2025-10-04T18:00:10","date_gmt":"2025-10-04T18:00:10","guid":{"rendered":"https:\/\/www.europesays.com\/es\/156859\/"},"modified":"2025-10-04T18:00:10","modified_gmt":"2025-10-04T18:00:10","slug":"un-estudio-sugiere-que-la-ela-es-una-enfermedad-del-sistema-inmunologico","status":"publish","type":"post","link":"https:\/\/www.europesays.com\/es\/156859\/","title":{"rendered":"Un estudio sugiere que la ELA es una enfermedad del sistema inmunol\u00f3gico"},"content":{"rendered":"<p>01\/10\/2025<br \/>\n<br \/><strong><br \/>\nActualizado 03\/10\/2025 a las 05:37h.<br \/>\n<\/strong><\/p>\n<p class=\"voc-p\" style=\"\">Un nuevo estudio liderado por el <a href=\"https:\/\/www.lji.org\/\" target=\"_self\" data-voc-vtm-id=\"in-text-traffic\" title=\"La Jolla Institute for Immunology\" data-mrf-link=\"www.lji.org\" rel=\"nofollow noopener\">La Jolla Institute for Immunology<\/a> (EE.UU.) y el <a href=\"https:\/\/www.cuimc.columbia.edu\/\" target=\"_self\" data-voc-vtm-id=\"in-text-traffic\" title=\"Columbia University Irving Medical Center\" data-mrf-link=\"www.cuimc.columbia.edu\" rel=\"nofollow noopener\">Columbia University Irving Medical Center<\/a> aporta pruebas s\u00f3lidas de que la esclerosis lateral amiotr\u00f3fica (ELA) podr\u00eda ser una enfermedad autoinmune.<\/p>\n<p class=\"voc-p\" style=\"\">Los investigadores han demostrado que en pacientes con ELA, c\u00e9lulas inmunitarias llamadas linfocitos T CD4+ atacan por error prote\u00ednas propias del sistema nervioso, entre ellas C9orf72, expresada en las neuronas. Este tipo de \u00ab<strong>autoataque<\/strong>\u00bb es caracter\u00edstico de las enfermedades autoinmunes.<\/p>\n<p class=\"voc-p\" style=\"\">\u00abEste es el primer estudio que muestra con claridad que en la ELA hay una reacci\u00f3n autoinmune dirigida contra prote\u00ednas espec\u00edficas\u00bb, explica Alessandro Sette, codirector del trabajo junto a David Sulzer.<\/p>\n<p class=\"voc-p\" style=\"\">El hallazgo tambi\u00e9n podr\u00eda explicar por qu\u00e9 algunos pacientes viven pocos a\u00f1os tras el diagn\u00f3stico, mientras que otros superan d\u00e9cadas con la enfermedad. El equipo identific\u00f3 dos grupos de pacientes:<\/p>\n<p class=\"voc-p\" style=\"\">Uno con linfocitos T inflamatorios muy activos, asociados a una supervivencia m\u00e1s corta.<\/p>\n<p class=\"voc-p\" style=\"\">Otro con mayor proporci\u00f3n de <strong>linfocitos T antiinflamatorios<\/strong>, capaces de frenar el da\u00f1o autoinmune, lo que se relacion\u00f3 con una supervivencia m\u00e1s prolongada.<\/p>\n<p class=\"voc-p\" style=\"\">\u00abEsta respuesta protectora de los linfocitos T parece ser m\u00e1s fuerte en quienes tienen un pron\u00f3stico m\u00e1s largo\u00bb, se\u00f1ala Emil Johansson.<\/p>\n<p>\nNuevas v\u00edas terap\u00e9uticas\n<\/p>\n<p class=\"voc-p\" style=\"\">El estudio, publicado en &#8216;<a href=\"https:\/\/www.nature.com\/\" target=\"_self\" data-voc-vtm-id=\"in-text-traffic\" title=\"Nature\" data-mrf-link=\"www.nature.com\" rel=\"nofollow noopener\">Nature<\/a>&#8216;, abre la puerta a tratamientos que potencien la acci\u00f3n de las c\u00e9lulas T protectoras y reduzcan la inflamaci\u00f3n da\u00f1ina.<\/p>\n<p class=\"voc-p\" style=\"\">\u00abAhora que conocemos la diana espec\u00edfica de estas c\u00e9lulas inmunes, podemos avanzar hacia terapias m\u00e1s eficaces para la ELA\u00bb, asegura Tanner Michaelis, primer autor del trabajo.<\/p>\n<p class=\"voc-p\" style=\"\">Los investigadores destacan que este enfoque podr\u00eda aplicarse tambi\u00e9n a otras enfermedades neurodegenerativas como p\u00e1rkinson, alzh\u00e9imer y Huntington, reforzando la evidencia de que la autoinmunidad juega un papel clave en la neurodegeneraci\u00f3n.<\/p>\n<p class=\"voc-p\" style=\"\">\u00abCada vez es m\u00e1s evidente que la implicaci\u00f3n del sistema inmune es la norma en las enfermedades neurodegenerativas, y no la excepci\u00f3n\u00bb, concluye Sette.<\/p>\n<p>Reportar un error<\/p>\n","protected":false},"excerpt":{"rendered":"01\/10\/2025 Actualizado 03\/10\/2025 a las 05:37h. Un nuevo estudio liderado por el La Jolla Institute for Immunology (EE.UU.)&hellip;\n","protected":false},"author":2,"featured_media":156860,"comment_status":"","ping_status":"","sticky":false,"template":"","format":"standard","meta":{"footnotes":""},"categories":[92],"tags":[1813,2996,25,24,1292,165,46877,166,7019,23,28582],"class_list":{"0":"post-156859","1":"post","2":"type-post","3":"status-publish","4":"format-standard","5":"has-post-thumbnail","7":"category-salud","8":"tag-ela","9":"tag-enfermedad","10":"tag-es","11":"tag-espana","12":"tag-estudio","13":"tag-health","14":"tag-inmunologico","15":"tag-salud","16":"tag-sistema","17":"tag-spain","18":"tag-sugiere"},"share_on_mastodon":{"url":"","error":""},"_links":{"self":[{"href":"https:\/\/www.europesays.com\/es\/wp-json\/wp\/v2\/posts\/156859","targetHints":{"allow":["GET"]}}],"collection":[{"href":"https:\/\/www.europesays.com\/es\/wp-json\/wp\/v2\/posts"}],"about":[{"href":"https:\/\/www.europesays.com\/es\/wp-json\/wp\/v2\/types\/post"}],"author":[{"embeddable":true,"href":"https:\/\/www.europesays.com\/es\/wp-json\/wp\/v2\/users\/2"}],"replies":[{"embeddable":true,"href":"https:\/\/www.europesays.com\/es\/wp-json\/wp\/v2\/comments?post=156859"}],"version-history":[{"count":0,"href":"https:\/\/www.europesays.com\/es\/wp-json\/wp\/v2\/posts\/156859\/revisions"}],"wp:featuredmedia":[{"embeddable":true,"href":"https:\/\/www.europesays.com\/es\/wp-json\/wp\/v2\/media\/156860"}],"wp:attachment":[{"href":"https:\/\/www.europesays.com\/es\/wp-json\/wp\/v2\/media?parent=156859"}],"wp:term":[{"taxonomy":"category","embeddable":true,"href":"https:\/\/www.europesays.com\/es\/wp-json\/wp\/v2\/categories?post=156859"},{"taxonomy":"post_tag","embeddable":true,"href":"https:\/\/www.europesays.com\/es\/wp-json\/wp\/v2\/tags?post=156859"}],"curies":[{"name":"wp","href":"https:\/\/api.w.org\/{rel}","templated":true}]}}