{"id":156861,"date":"2025-10-04T18:01:08","date_gmt":"2025-10-04T18:01:08","guid":{"rendered":"https:\/\/www.europesays.com\/es\/156861\/"},"modified":"2025-10-04T18:01:08","modified_gmt":"2025-10-04T18:01:08","slug":"asi-es-el-menu-de-la-boda-de-cayetano-martinez-de-irujo-y-barbara-mirjan","status":"publish","type":"post","link":"https:\/\/www.europesays.com\/es\/156861\/","title":{"rendered":"As\u00ed es el men\u00fa de la boda de Cayetano Mart\u00ednez de Irujo y B\u00e1rbara Mirjan"},"content":{"rendered":"<p>04\/10\/2025<br \/>\n<br \/><strong><br \/>\nActualizado a las 17:52h.<br \/>\n<\/strong><\/p>\n<p class=\"voc-p\" style=\"\">Este s\u00e1bado, <a href=\"https:\/\/www.abc.es\/gente\/cayetano-martinez-irujo-barbara-mirjan-dan-quiero-20251004171829-vi.html\" title=\"www.abc.es\" data-voc-vtm-id=\"in-text-traffic\" data-mrf-link=\"www.abc.es\" rel=\"nofollow noopener\" target=\"_blank\">Cayetano Mart\u00ednez de Irujo y B\u00e1rbara Mirjan<\/a> celebraron una boda que quedar\u00e1 grabada en la memoria de todos los sevillanos. La ceremonia tiene lugar en la emblem\u00e1tica finca de Las Arroyuelas, <strong>en Carmona<\/strong>, un entorno elegante y natural que se convirti\u00f3 en el escenario perfecto para poner broche al emotivo enlace. <\/p>\n<p class=\"voc-p\" style=\"\">Pero si hubo algo que captur\u00f3 la atenci\u00f3n tanto como la elegancia de los novios fue, sin duda, el cuidado y selecto men\u00fa.<\/p>\n<p>\nUn entrante, un plato principal y postre\n<\/p>\n<p class=\"voc-p\" style=\"\">El men\u00fa, presentado en un <strong>bonito papel rugoso<\/strong> con letra cursiva en color burdeos, reflejaba el cuidado y la exclusividad que caracterizan a los eventos de alta sociedad sevillana.<\/p>\n<p class=\"voc-p\" style=\"\">El almuerzo, aunque algo tard\u00edo, arranc\u00f3 con una <strong>ensalada de bogavante<\/strong> que combinaba frescura y elegancia. <\/p>\n<p class=\"voc-p\" style=\"\">El plato principal fue un <strong>solomillo de ternera al horno<\/strong>, acompa\u00f1ado de una delicada salsa de foie, daditos de patata, chalotas y calabaza. La combinaci\u00f3n de sabores, desde la intensidad del foie hasta el dulzor de la calabaza, hace que este plato sea una verdadera obra de arte culinaria muy oto\u00f1al.<\/p>\n<p class=\"voc-p\" style=\"\">Para culminar la experiencia gastron\u00f3mica, se sirvi\u00f3 una <strong>tarta \u00e1rabe acompa\u00f1ada de frutos rojos<\/strong>, seguida de caf\u00e9 e infusiones. El postre, delicado y arom\u00e1tico, ofrece un cierre perfecto al men\u00fa.<\/p>\n<p><img decoding=\"async\" loading=\"lazy\" src=\"https:\/\/www.europesays.com\/es\/wp-content\/uploads\/2025\/10\/WhatsAppImage2025-10-04at17.24.13-kBAG--760x427@diario_abc.jpeg\" class=\"voc-img\" width=\"760\" height=\"427\" alt=\"El men\u00fa completo de la boda en la finca de las Arroyuelas\" data-voc-vtm-id=\"in-text-traffic\"\/><\/p>\n<p>El men\u00fa completo de la boda en la finca de las Arroyuelas<\/p>\n<p>ABC<\/p>\n<p>\nUna selecci\u00f3n de vinos cuidada\n<\/p>\n<p class=\"voc-p\" style=\"\">No pod\u00eda faltar un acompa\u00f1amiento a la altura del men\u00fa. La bodega seleccionada incluy\u00f3:<\/p>\n<ul class=\"oc-d-c-list__list\">\n<li class=\"voc-d-c-list__item\">\n<p class=\"voc-d-c-list__paragraph\">Marqu\u00e9s de Riscal Verdejo D.O. Rueda, fresco y arom\u00e1tico, ideal para abrir el apetito.<\/p>\n<\/li>\n<li class=\"voc-d-c-list__item\">\n<p class=\"voc-d-c-list__paragraph\">Mart\u00ednez Lacuesta D.O. La Rioja, un vino tinto que aportaba cuerpo y elegancia al plato principal.<\/p>\n<\/li>\n<li class=\"voc-d-c-list__item\">\n<p class=\"voc-d-c-list__paragraph\">Champagne Jeaunaux Robin Extra Brut, burbujeante y refinado, perfecto para brindar por el amor y la felicidad de los novios.<\/p>\n<\/li>\n<\/ul>\n<p class=\"voc-p\" style=\"\">El enlace de Cayetano Mart\u00ednez de Irujo y B\u00e1rbara Mirjan se convirti\u00f3 en un evento memorable, donde la elegancia y la naturalidad de la <a href=\"https:\/\/www.abc.es\/sevilla\/provincia\/lujosa-finca-sevilla-casara-cayetano-martinez-irujo-20250905125455-nts.html\" title=\"www.abc.es\" data-voc-vtm-id=\"in-text-traffic\" data-mrf-link=\"www.abc.es\" rel=\"nofollow noopener\" target=\"_blank\">finca de Las Arroyuelas<\/a> de Carmona crearon un marco id\u00edlico. <\/p>\n<p class=\"voc-p\" style=\"\"><a href=\"https:\/\/www.abc.es\/sevilla\/ciudad\/invitados-boda-cayetano-martinez-irujo-barbara-mirjan-20251004142306-nts.html\" title=\"www.abc.es\" data-voc-vtm-id=\"in-text-traffic\" data-mrf-link=\"www.abc.es\" rel=\"nofollow noopener\" target=\"_blank\">Familiares y amigos<\/a> han disfrutado de una ceremonia emotiva, seguida de un banquete exquisitamente cuidado por el <strong>catering Miguel \u00c1ngel<\/strong>. Cada detalle, desde la decoraci\u00f3n floral hasta la presentaci\u00f3n del men\u00fa, demostr\u00f3 que esta boda no solo fue un festejo de amor, sino tambi\u00e9n una celebraci\u00f3n del buen gusto sevillano.<\/p>\n<p>Reportar un error<\/p>\n","protected":false},"excerpt":{"rendered":"04\/10\/2025 Actualizado a las 17:52h. Este s\u00e1bado, Cayetano Mart\u00ednez de Irujo y B\u00e1rbara Mirjan celebraron una boda que&hellip;\n","protected":false},"author":2,"featured_media":156862,"comment_status":"","ping_status":"","sticky":false,"template":"","format":"standard","meta":{"footnotes":""},"categories":[91],"tags":[38503,3158,4812,146,147,25,24,36166,825,46852,45927,23],"class_list":{"0":"post-156861","1":"post","2":"type-post","3":"status-publish","4":"format-standard","5":"has-post-thumbnail","7":"category-entretenimiento","8":"tag-barbara","9":"tag-boda","10":"tag-cayetano","11":"tag-entertainment","12":"tag-entretenimiento","13":"tag-es","14":"tag-espana","15":"tag-irujo","16":"tag-martinez","17":"tag-menu","18":"tag-mirjan","19":"tag-spain"},"share_on_mastodon":{"url":"","error":""},"_links":{"self":[{"href":"https:\/\/www.europesays.com\/es\/wp-json\/wp\/v2\/posts\/156861","targetHints":{"allow":["GET"]}}],"collection":[{"href":"https:\/\/www.europesays.com\/es\/wp-json\/wp\/v2\/posts"}],"about":[{"href":"https:\/\/www.europesays.com\/es\/wp-json\/wp\/v2\/types\/post"}],"author":[{"embeddable":true,"href":"https:\/\/www.europesays.com\/es\/wp-json\/wp\/v2\/users\/2"}],"replies":[{"embeddable":true,"href":"https:\/\/www.europesays.com\/es\/wp-json\/wp\/v2\/comments?post=156861"}],"version-history":[{"count":0,"href":"https:\/\/www.europesays.com\/es\/wp-json\/wp\/v2\/posts\/156861\/revisions"}],"wp:featuredmedia":[{"embeddable":true,"href":"https:\/\/www.europesays.com\/es\/wp-json\/wp\/v2\/media\/156862"}],"wp:attachment":[{"href":"https:\/\/www.europesays.com\/es\/wp-json\/wp\/v2\/media?parent=156861"}],"wp:term":[{"taxonomy":"category","embeddable":true,"href":"https:\/\/www.europesays.com\/es\/wp-json\/wp\/v2\/categories?post=156861"},{"taxonomy":"post_tag","embeddable":true,"href":"https:\/\/www.europesays.com\/es\/wp-json\/wp\/v2\/tags?post=156861"}],"curies":[{"name":"wp","href":"https:\/\/api.w.org\/{rel}","templated":true}]}}