{"id":156867,"date":"2025-10-04T18:04:08","date_gmt":"2025-10-04T18:04:08","guid":{"rendered":"https:\/\/www.europesays.com\/es\/156867\/"},"modified":"2025-10-04T18:04:08","modified_gmt":"2025-10-04T18:04:08","slug":"los-lideres-europeos-reciben-con-optimismo-la-respuesta-de-hamas-al-plan-de-trump-internacional","status":"publish","type":"post","link":"https:\/\/www.europesays.com\/es\/156867\/","title":{"rendered":"Los l\u00edderes europeos reciben con optimismo la respuesta de Ham\u00e1s al plan de Trump | Internacional"},"content":{"rendered":"<p class=\"\">Los l\u00edderes europeos han recibido con cierto optimismo los anuncios de que la aplicaci\u00f3n del \u201cplan de paz\u201d de Donald Trump para Gaza est\u00e1 cerca. Despu\u00e9s de la <a href=\"https:\/\/elpais.com\/internacional\/2025-09-30\/europa-recibe-con-esperanza-el-plan-de-paz-de-trump-para-gaza.html\" target=\"_self\" rel=\"nofollow noopener\" title=\"https:\/\/elpais.com\/internacional\/2025-09-30\/europa-recibe-con-esperanza-el-plan-de-paz-de-trump-para-gaza.html\">buena acogida en Europa<\/a> de la f\u00f3rmula del estadounidense, anunciada hace unos d\u00edas, <a href=\"https:\/\/elpais.com\/internacional\/2025-10-03\/hamas-acepta-liberar-a-todos-los-rehenes-pero-pide-negociar-los-detalles-del-plan-de-paz-de-trump-para-gaza.html\" target=\"_self\" rel=\"nofollow noopener\" title=\"https:\/\/elpais.com\/internacional\/2025-10-03\/hamas-acepta-liberar-a-todos-los-rehenes-pero-pide-negociar-los-detalles-del-plan-de-paz-de-trump-para-gaza.html\">el pronunciamiento de Ham\u00e1s de que empezar\u00e1 con la liberaci\u00f3n de los 48 rehenes israel\u00edes<\/a> que siguen en sus manos desde los atentados del 7 de octubre de 2023 se ve con esperanza para alcanzar alto el fuego, despu\u00e9s de dos a\u00f1os de guerra y con la Franja en una grave situaci\u00f3n humanitaria. <\/p>\n<p class=\"\">En una Europa muy dividida en su postura hacia Israel, la c\u00fapula de las instituciones europeas se ha apresurado a dar la bienvenida al anuncio. Algo que contrasta con el silencio sobre la detenci\u00f3n esta semana en aguas internacionales por parte de Israel de la Global Sumud Flotilla, <a href=\"https:\/\/elpais.com\/internacional\/2025-10-04\/llegan-a-estambul-los-primeros-137-activistas-deportados-por-israel-que-denuncian-malos-tratos-y-torturas.html\" target=\"_self\" rel=\"nofollow noopener\" title=\"https:\/\/elpais.com\/internacional\/2025-10-04\/llegan-a-estambul-los-primeros-137-activistas-deportados-por-israel-que-denuncian-malos-tratos-y-torturas.html\">cuando intentaba llegar a Gaza con ayuda humanitaria<\/a>. En la flotilla viajaban numerosos ciudadanos europeos.<\/p>\n<p class=\"\">\u201cLa paz en Gaza podr\u00eda finalmente estar al alcance. La respuesta de Ham\u00e1s a la <a href=\"https:\/\/elpais.com\/internacional\/2025-09-30\/hamas-muestra-su-recelo-al-plan-de-trump-para-gaza-mientras-estudia-una-respuesta-oficial.html\" target=\"_self\" rel=\"nofollow noopener\" title=\"https:\/\/elpais.com\/internacional\/2025-09-30\/hamas-muestra-su-recelo-al-plan-de-trump-para-gaza-mientras-estudia-una-respuesta-oficial.html\">propuesta del presidente estadounidense<\/a> es un importante paso adelante\u201d, ha escrito en las redes sociales el presidente del Consejo Europeo, Ant\u00f3nio Costa. \u201cAhora debe producirse la liberaci\u00f3n de los rehenes, un alto el fuego y un acceso humanitario sin trabas. Hago un llamamiento a todas las partes para que act\u00faen con urgencia y responsabilidad. La UE, junto a sus socios, seguir\u00e1 apoyando los esfuerzos en pos de una paz justa y duradera y una soluci\u00f3n de dos Estados\u201d, ha a\u00f1adido. <\/p>\n<p class=\"\">\u201cEs alentadora la disposici\u00f3n declarada por Ham\u00e1s a liberar a los rehenes y a participar en el proceso sobre la base de la reciente propuesta del presidente estadounidense\u201d, ha escrito la presidenta de la Comisi\u00f3n Europea, Ursula von der Leyen. \u201cHay que aprovechar el momento. Un alto el fuego inmediato en Gaza y la liberaci\u00f3n de todos los rehenes est\u00e1n a nuestro alcance. Europa apoyar\u00e1 todos los esfuerzos encaminados a poner fin al sufrimiento de los civiles y a promover la \u00fanica soluci\u00f3n viable para la paz: la soluci\u00f3n de los dos Estados [Israel y Palestina]\u201d, ha a\u00f1adido la conservadora alemana, una figura cercana a Israel que en las \u00faltimas semanas ha ido matizando un poco su discurso. <\/p>\n<p class=\"\">Con la situaci\u00f3n de Gaza, bombardeada constantemente por Israel y donde los muertos civiles se cuentan por decenas de miles, la presi\u00f3n ha llevado a Von der Leyen a proponer suspender parcialmente el acuerdo comercial entre la UE e Israel y a sancionar a dos ministros israel\u00edes extremistas. La decisi\u00f3n, sin embargo, ha quedado en manos de los 27 Estados miembros de la Uni\u00f3n.<\/p>\n<p class=\"\">\u201c\u00a1La liberaci\u00f3n de todos los rehenes y un alto el fuego en Gaza est\u00e1n al alcance!\u201c, ha escrito en las redes el presidente franc\u00e9s, Emmanuel Macron, que ha agradecido a Trump \u2014quien durante esos meses lleg\u00f3 a apuntar que la costera Gaza deber\u00eda ser complejo tur\u00edstico y los gazat\u00edes, expulsados\u2014 su \u201dcompromiso con la Paz\u00bb. \u201cEl compromiso de Ham\u00e1s debe cumplirse sin demora. Ahora tenemos la oportunidad de hacer avances decisivos hacia la paz. Francia desempe\u00f1ar\u00e1 plenamente su papel en el marco de sus esfuerzos en las Naciones Unidas, junto a Estados Unidos, israel\u00edes y palestinos, y todos sus socios internacionales\u201d. <\/p>\n<p class=\"\">\u201cLos rehenes deben ser liberados. Ham\u00e1s debe desarmarse. Los combates deben cesar inmediatamente. Todo esto debe suceder muy r\u00e1pido. Despu\u00e9s de casi dos a\u00f1os, esta es la mejor oportunidad para la paz. Alemania seguir\u00e1 comprometida\u201d, ha declarado tambi\u00e9n el canciller alem\u00e1n, Friedrich Merz, en declaraciones recogidas por Reuters. Su hom\u00f3logo brit\u00e1nico, el laborista Keir Starmer, ha celebrado el \u201cimportante paso adelante\u201d que significa la aceptaci\u00f3n de Ham\u00e1s. \u201cApoyamos firmemente los esfuerzos del presidente Trump, que nos han acercado m\u00e1s que nunca a la paz. Ahora existe la oportunidad de poner fin a los combates, de que los rehenes regresen a casa y de que la ayuda humanitaria llegue a quienes tanto la necesitan\u201d.<\/p>\n<p class=\"\">El ministro espa\u00f1ol de Exteriores, Jos\u00e9 Manuel Albares, ha considerado que la respuesta de Ham\u00e1s \u201cno es un paso definitivo; a\u00fan hay muchos obst\u00e1culos\u201d. \u201cEsta organizaci\u00f3n fundamentalista (Ham\u00e1s) debe ser desarmada. Queremos que el ej\u00e9rcito israel\u00ed cese definitivamente todas las acciones militares contra el grupo. Lo que traer\u00e1 la paz al pueblo palestino, al pueblo de Israel, es la existencia de un Estado palestino realista y viable\u201d, declar\u00f3 a RTVE.<\/p>\n<p class=\"\">El secretario general de la ONU, Ant\u00f3nio Guterres, ha aplaudido tambi\u00e9n la declaraci\u00f3n emitida por Ham\u00e1s y ha afirmado \u201csentirse alentado\u201d. Guterres ha instado \u201ca todas las partes a aprovechar la oportunidad para poner fin al tr\u00e1gico conflicto\u201d en la Franja. En este sentido, ha reiterado su \u201cconstante\u201d llamamiento a un alto el fuego \u201cinmediato y permanente\u201d, la liberaci\u00f3n de \u201cincondicional\u201d de los rehenes y el acceso humanitario \u201csin restricciones\u201d. <\/p>\n<p class=\"\">Seg\u00fan ha indicado el portavoz de Guterres, St\u00e9phane Dujarric, en un comunicado, el jefe de la ONU ha agradecido a Qatar y Egipto por \u201csu inestimable labor de mediaci\u00f3n\u201d y ha asegurado que Naciones Unidas \u201capoyar\u00e1 todos los esfuerzos para lograr estos objetivos y evitar a\u00fan m\u00e1s el sufrimiento\u201d. <\/p>\n<p class=\"\">El presidente turco, Recep Tayyip Erdogan, ha instado a Israel a que \u201cdetenga inmediatamente sus ataques. No se debe permitir que se marchiten las esperanzas de paz que est\u00e1n brotando\u201d, ha afirmado, y ha a\u00f1adido que \u201cHam\u00e1s ha demostrado, como lo ha hecho muchas veces antes, que est\u00e1 dispuesto a la paz\u201d. <\/p>\n","protected":false},"excerpt":{"rendered":"Los l\u00edderes europeos han recibido con cierto optimismo los anuncios de que la aplicaci\u00f3n del \u201cplan de paz\u201d&hellip;\n","protected":false},"author":2,"featured_media":156868,"comment_status":"","ping_status":"","sticky":false,"template":"","format":"standard","meta":{"footnotes":""},"categories":[42],"tags":[17,18,68,70,71,72,13,14,73,69,75,11,61,62,63,64,74,19,20,9,10,15,16,77,76,12,21,22,65,66,67],"class_list":{"0":"post-156867","1":"post","2":"type-post","3":"status-publish","4":"format-standard","5":"has-post-thumbnail","7":"category-internacional","8":"tag-breaking-news","9":"tag-breakingnews","10":"tag-conflicto-arabe-israeli","11":"tag-conflictos","12":"tag-conflictos-armados","13":"tag-conflictos-internacionales","14":"tag-featured-news","15":"tag-featurednews","16":"tag-franja-gaza","17":"tag-guerra","18":"tag-hamas","19":"tag-headlines","20":"tag-internacional","21":"tag-international","22":"tag-international-news","23":"tag-internationalnews","24":"tag-israel","25":"tag-latest-news","26":"tag-latestnews","27":"tag-news","28":"tag-noticias","29":"tag-noticias-destacadas","30":"tag-noticiasdestacadas","31":"tag-oriente-proximo","32":"tag-palestina","33":"tag-titulares","34":"tag-ultimas-noticias","35":"tag-ultimasnoticias","36":"tag-world","37":"tag-world-news","38":"tag-worldnews"},"share_on_mastodon":{"url":"","error":""},"_links":{"self":[{"href":"https:\/\/www.europesays.com\/es\/wp-json\/wp\/v2\/posts\/156867","targetHints":{"allow":["GET"]}}],"collection":[{"href":"https:\/\/www.europesays.com\/es\/wp-json\/wp\/v2\/posts"}],"about":[{"href":"https:\/\/www.europesays.com\/es\/wp-json\/wp\/v2\/types\/post"}],"author":[{"embeddable":true,"href":"https:\/\/www.europesays.com\/es\/wp-json\/wp\/v2\/users\/2"}],"replies":[{"embeddable":true,"href":"https:\/\/www.europesays.com\/es\/wp-json\/wp\/v2\/comments?post=156867"}],"version-history":[{"count":0,"href":"https:\/\/www.europesays.com\/es\/wp-json\/wp\/v2\/posts\/156867\/revisions"}],"wp:featuredmedia":[{"embeddable":true,"href":"https:\/\/www.europesays.com\/es\/wp-json\/wp\/v2\/media\/156868"}],"wp:attachment":[{"href":"https:\/\/www.europesays.com\/es\/wp-json\/wp\/v2\/media?parent=156867"}],"wp:term":[{"taxonomy":"category","embeddable":true,"href":"https:\/\/www.europesays.com\/es\/wp-json\/wp\/v2\/categories?post=156867"},{"taxonomy":"post_tag","embeddable":true,"href":"https:\/\/www.europesays.com\/es\/wp-json\/wp\/v2\/tags?post=156867"}],"curies":[{"name":"wp","href":"https:\/\/api.w.org\/{rel}","templated":true}]}}