{"id":156869,"date":"2025-10-04T18:05:09","date_gmt":"2025-10-04T18:05:09","guid":{"rendered":"https:\/\/www.europesays.com\/es\/156869\/"},"modified":"2025-10-04T18:05:09","modified_gmt":"2025-10-04T18:05:09","slug":"la-paz-entre-israel-y-palestina-esta-mucho-mas-cerca-de-lo-que-creen","status":"publish","type":"post","link":"https:\/\/www.europesays.com\/es\/156869\/","title":{"rendered":"\u201cLa paz entre Israel y Palestina est\u00e1 mucho m\u00e1s cerca de lo que creen\u201d"},"content":{"rendered":"<p data-gtm-element-container=\"modulo-texto-link\" class=\"paragraph\">\u201cCuando haya l\u00edderes capaces de hacer lo contrario a lo que han defendido durante tanto tiempo por el bien del conflicto, se cambiar\u00e1 la historia\u201d. As\u00ed ha cerrado su intervenci\u00f3n Ehud Olmert, ex primer ministro israel\u00ed entre 2006 y 2009, quien particip\u00f3 en un debate sobre el futuro del conflicto entre Israel y Palestina junto al activista palestino Samer Sinijlawi. El di\u00e1logo se ha producido en el marco del Foro La Toja\u2013V\u00ednculo Atl\u00e1ntico, moderado por Pablo Garc\u00eda-Berdoy, antiguo representante de Espa\u00f1a ante la UE y L\u00edder de Asuntos P\u00fablicos para Europa de LLyC.\u00a0<\/p>\n<p data-gtm-element-container=\"modulo-texto-link\" class=\"paragraph\">A pocos d\u00edas del tercer aniversario de los atentados del 7 de octubre en Israel, Olmert quiso recordar lo que signific\u00f3 este suceso para la poblaci\u00f3n israel\u00ed: \u201cLo que sucedi\u00f3 el 7 de octubre fue mucho m\u00e1s all\u00e1 de lo que hab\u00edamos visto en la historia de las guerras entre Israel y Palestina\u201d.\u00a0<\/p>\n<p>                <img loading=\"lazy\" decoding=\"async\" data-full-src=\"https:\/\/www.lavanguardia.com\/uploads\/2025\/10\/04\/68e14bb73586f.jpeg\" alt=\"El ex primer ministro israel\u00ed Ehud Olmert y el activista palestino Samer Abdelrazzak Sinijlawi se saludan al finalizar la mesa redonda sobre la paz en Gaza durante el Foro La Toja  (MIGUEL RIOPA \/ AFP)\" width=\"449\" height=\"220\" src=\"https:\/\/www.europesays.com\/es\/wp-content\/uploads\/2025\/10\/68e14bb73586f.jpeg\" class=\"lazy\"\/><\/p>\n<p class=\"caption-title \">El ex primer ministro israel\u00ed Ehud Olmert y el activista palestino Samer Abdelrazzak Sinijlawi se saludan al finalizar la mesa redonda sobre la paz en Gaza durante el Foro La Toja  (MIGUEL RIOPA \/ AFP)<\/p>\n<p>    Lee tambi\u00e9n<\/p>\n<p data-gtm-element-container=\"modulo-texto-link\" class=\"paragraph\">\u201cIsrael qued\u00f3 traumatizada por el atentado, que provoc\u00f3 una guerra inevitable en Gaza\u201d, expres\u00f3 el exdirigente israel\u00ed, quien remarc\u00f3 la falta de previsi\u00f3n de futuro en el conflicto.\u201dLa brecha emocional es obvia e inevitable, pero un d\u00eda hay que preguntarse ad\u00f3nde vamos con esta guerra\u201d, ha confesado Olmert, quien cree que hay que dejar de mirar hacia el pasado para centrarse en la convivencia con los palestinos. \u201cSi asumimos que acabamos con todos los miembros de Ham\u00e1s, seguir\u00e1n habiendo millones de palestinos viviendo en Gaza.\u201d<\/p>\n<p data-gtm-element-container=\"modulo-texto-link\" class=\"paragraph\">Sobre el papel de Israel para resolver el conflicto, el ex primer ministro cree que su pa\u00eds \u201ces lo suficientemente fuerte como para buscar alg\u00fan tipo de equilibrio, sin olvidar ni perdonar lo que se nos ha hecho, y al mismo tiempo construir una estrategia que permita establecer un nuevo marco de soluci\u00f3n que evite quedar atrapados, a\u00f1o tras a\u00f1o, en un c\u00edrculo vicioso\u201d. \u201cPienso en los ni\u00f1os: \u00bfQu\u00e9 les estamos ofreciendo m\u00e1s all\u00e1 de ser cautivos de esta ira permanente contra los palestinos?\u201d, sentenci\u00f3.<\/p>\n<blockquote>\n<p>        Habr\u00e1 un Estado palestino en los territorios que muchos israel\u00edes consideran que les pertenecen<\/p>\n<p>            Ehud OlmertEx primer ministro israel\u00ed<\/p>\n<\/blockquote>\n<p data-gtm-element-container=\"modulo-texto-link\" class=\"paragraph\">El debate ha abarcado el plan de Trump para la paz en Gaza y la soluci\u00f3n de los dos Estados, la que para Olmert es la \u00fanica opci\u00f3n para terminar el conflicto. \u201cSi queremos encontrar una soluci\u00f3n pol\u00edtica, solo hay una: dos estados\u201d, ha afirmado Olmert, quien ha puesto el acento en la necesidad de luchar y creer en que un cambio es posible: \u201cEl d\u00eda en que haya paz entre Israel y Palestina est\u00e1 mucho m\u00e1s cerca de lo que creen. Habr\u00e1 un Estado palestino en los territorios que muchos israel\u00edes consideran que les pertenecen. Pero si solo se quieren aferrar al pasado, para alcanzar la paz habr\u00e1 que renunciar a lo que alguna vez pudo ser suyo y estar dispuestos a entregarlo, porque hay una causa mucho m\u00e1s noble, mayor y superior a cualquier v\u00ednculo con el territorio\u201d, expres\u00f3 el exdirigente israel\u00ed.\u00a0<\/p>\n<p data-gtm-element-container=\"modulo-texto-link\" class=\"paragraph\">Adem\u00e1s, el di\u00e1logo entre ambas figuras ha incluido un espacio para la cr\u00edtica hacia quien retiene el poder en el conflicto, tanto el Gobierno de Beniamin Netanyahu como el de Hamas. \u201cIsrael est\u00e1 a unas elecciones de llegar a la paz, as\u00ed como Palestina est\u00e1 a un l\u00edder de alcanzarla.\u201d, ha explicado Olmert, recalcando la necesidad de cambiar los l\u00edderes actuales en ambos bandos.\u00a0<\/p>\n<p>                <img loading=\"lazy\" decoding=\"async\" data-full-src=\"https:\/\/www.lavanguardia.com\/uploads\/2025\/10\/04\/68e0fa7be86a1.jpeg\" alt=\"Horizontal\" width=\"449\" height=\"299\" src=\"https:\/\/www.europesays.com\/es\/wp-content\/uploads\/2025\/10\/68e0fa7be86a1.jpeg\" class=\"lazy\"\/><\/p>\n<p class=\"caption-title \">El ex Primer ministro Israel, Ehud Olmert participa en un debate sobre la situaci\u00f3n en Gaza en el Foro La Toja, este viernes en O Grove (Pontevedra)\u00a0<\/p>\n<p>                    Lavandeira jr \/ EFE<\/p>\n<p data-gtm-element-container=\"modulo-texto-link\" class=\"paragraph\">\u201cHemos tenido solo tres l\u00edderes en estos \u00faltimos a\u00f1os, y todos los errores y oportunidades perdidas son su responsabilidad, ya que no consultaron al pueblo antes de tomar sus decisiones\u201d, ha sentenciado\u00a0Sinijlawi contra la autoridad palestina, quien ha remarcado la necesidad de un cambio en el Gobierno de ambas facciones: \u201cSi Europa puede hacer algo por Oriente Medio, es garantizar que se celebren elecciones en Gaza, porque ser\u00e1 la \u00fanica forma de derrotar a Hamas\u201d, ha sentenciado el palestino, quien ha expresado la necesidad de entender el trauma de ambos bandos: \u201cPalestina debe poner la seguridad de Israel como una preocupaci\u00f3n suya y condenar a Hamas. Tenemos que ver c\u00f3mo ayudarnos entre nosotros y dejar de pensar en el dolor y el trauma, sino en el futuro\u201d, ha sentenciado el palestino.<\/p>\n","protected":false},"excerpt":{"rendered":"\u201cCuando haya l\u00edderes capaces de hacer lo contrario a lo que han defendido durante tanto tiempo por el&hellip;\n","protected":false},"author":2,"featured_media":156870,"comment_status":"","ping_status":"","sticky":false,"template":"","format":"standard","meta":{"footnotes":""},"categories":[8],"tags":[17,18,25,24,13,14,11,19,20,9,10,15,16,23,12,21,22],"class_list":{"0":"post-156869","1":"post","2":"type-post","3":"status-publish","4":"format-standard","5":"has-post-thumbnail","7":"category-espana","8":"tag-breaking-news","9":"tag-breakingnews","10":"tag-es","11":"tag-espana","12":"tag-featured-news","13":"tag-featurednews","14":"tag-headlines","15":"tag-latest-news","16":"tag-latestnews","17":"tag-news","18":"tag-noticias","19":"tag-noticias-destacadas","20":"tag-noticiasdestacadas","21":"tag-spain","22":"tag-titulares","23":"tag-ultimas-noticias","24":"tag-ultimasnoticias"},"share_on_mastodon":{"url":"","error":""},"_links":{"self":[{"href":"https:\/\/www.europesays.com\/es\/wp-json\/wp\/v2\/posts\/156869","targetHints":{"allow":["GET"]}}],"collection":[{"href":"https:\/\/www.europesays.com\/es\/wp-json\/wp\/v2\/posts"}],"about":[{"href":"https:\/\/www.europesays.com\/es\/wp-json\/wp\/v2\/types\/post"}],"author":[{"embeddable":true,"href":"https:\/\/www.europesays.com\/es\/wp-json\/wp\/v2\/users\/2"}],"replies":[{"embeddable":true,"href":"https:\/\/www.europesays.com\/es\/wp-json\/wp\/v2\/comments?post=156869"}],"version-history":[{"count":0,"href":"https:\/\/www.europesays.com\/es\/wp-json\/wp\/v2\/posts\/156869\/revisions"}],"wp:featuredmedia":[{"embeddable":true,"href":"https:\/\/www.europesays.com\/es\/wp-json\/wp\/v2\/media\/156870"}],"wp:attachment":[{"href":"https:\/\/www.europesays.com\/es\/wp-json\/wp\/v2\/media?parent=156869"}],"wp:term":[{"taxonomy":"category","embeddable":true,"href":"https:\/\/www.europesays.com\/es\/wp-json\/wp\/v2\/categories?post=156869"},{"taxonomy":"post_tag","embeddable":true,"href":"https:\/\/www.europesays.com\/es\/wp-json\/wp\/v2\/tags?post=156869"}],"curies":[{"name":"wp","href":"https:\/\/api.w.org\/{rel}","templated":true}]}}