{"id":156875,"date":"2025-10-04T18:08:10","date_gmt":"2025-10-04T18:08:10","guid":{"rendered":"https:\/\/www.europesays.com\/es\/156875\/"},"modified":"2025-10-04T18:08:10","modified_gmt":"2025-10-04T18:08:10","slug":"fea-y-aparatosa-cogida-a-mario-vilau-al-recibir-por-gaoneras-al-segundo-en-villena","status":"publish","type":"post","link":"https:\/\/www.europesays.com\/es\/156875\/","title":{"rendered":"Fea y aparatosa cogida a Mario Vilau al recibir por gaoneras al segundo en Villena"},"content":{"rendered":"<p>El novillero catal\u00e1n <strong>Mario Vilau<\/strong> fue cogido de manera fea y aparatosa al recibir por gaoneras -con la dificultad que ello supone- al segundo de Daniel Ramos en la Final del Circuito Valenciano de Novilladas de <strong>Villena (Alicante). Vilau<\/strong> no dud\u00f3 en recibir de salida por gaoneras al astado, que fue qued\u00e1ndose corto hasta que en el quinto lance arroll\u00f3 de lleno al espada, que fue volteado por los aires de forma espectacular cayendo con dureza de muy fea manera sobre su propio cuello.<\/p>\n<p>Qued\u00f3 inm\u00f3vil y noqueado durante unos instantes y tras ser auxiliado por sus compa\u00f1eros volvi\u00f3 a la cara de su oponente hasta cortarle las dos orejas.<\/p>\n","protected":false},"excerpt":{"rendered":"El novillero catal\u00e1n Mario Vilau fue cogido de manera fea y aparatosa al recibir por gaoneras -con la&hellip;\n","protected":false},"author":2,"featured_media":156876,"comment_status":"","ping_status":"","sticky":false,"template":"","format":"standard","meta":{"footnotes":""},"categories":[277],"tags":[45,373,11859,168,25,24,46878,18952,1226,1227,23,167,625,374,12658],"class_list":{"0":"post-156875","1":"post","2":"type-post","3":"status-publish","4":"format-standard","5":"has-post-thumbnail","7":"category-toreo","8":"tag-45","9":"tag-bullfighting","10":"tag-cogida","11":"tag-deportes","12":"tag-es","13":"tag-espana","14":"tag-gaoneras","15":"tag-mario-vilau","16":"tag-noticias-de-toros","17":"tag-noticias-taurinas","18":"tag-spain","19":"tag-sports","20":"tag-tauromaquia","21":"tag-toreo","22":"tag-villena"},"share_on_mastodon":{"url":"","error":""},"_links":{"self":[{"href":"https:\/\/www.europesays.com\/es\/wp-json\/wp\/v2\/posts\/156875","targetHints":{"allow":["GET"]}}],"collection":[{"href":"https:\/\/www.europesays.com\/es\/wp-json\/wp\/v2\/posts"}],"about":[{"href":"https:\/\/www.europesays.com\/es\/wp-json\/wp\/v2\/types\/post"}],"author":[{"embeddable":true,"href":"https:\/\/www.europesays.com\/es\/wp-json\/wp\/v2\/users\/2"}],"replies":[{"embeddable":true,"href":"https:\/\/www.europesays.com\/es\/wp-json\/wp\/v2\/comments?post=156875"}],"version-history":[{"count":0,"href":"https:\/\/www.europesays.com\/es\/wp-json\/wp\/v2\/posts\/156875\/revisions"}],"wp:featuredmedia":[{"embeddable":true,"href":"https:\/\/www.europesays.com\/es\/wp-json\/wp\/v2\/media\/156876"}],"wp:attachment":[{"href":"https:\/\/www.europesays.com\/es\/wp-json\/wp\/v2\/media?parent=156875"}],"wp:term":[{"taxonomy":"category","embeddable":true,"href":"https:\/\/www.europesays.com\/es\/wp-json\/wp\/v2\/categories?post=156875"},{"taxonomy":"post_tag","embeddable":true,"href":"https:\/\/www.europesays.com\/es\/wp-json\/wp\/v2\/tags?post=156875"}],"curies":[{"name":"wp","href":"https:\/\/api.w.org\/{rel}","templated":true}]}}