{"id":156877,"date":"2025-10-04T18:12:32","date_gmt":"2025-10-04T18:12:32","guid":{"rendered":"https:\/\/www.europesays.com\/es\/156877\/"},"modified":"2025-10-04T18:12:32","modified_gmt":"2025-10-04T18:12:32","slug":"pogacar-frente-a-evenepoel-la-gran-batalla","status":"publish","type":"post","link":"https:\/\/www.europesays.com\/es\/156877\/","title":{"rendered":"Pogacar frente a Evenepoel, la gran batalla"},"content":{"rendered":"<p><a class=\"v-mdl-ath__fig-a\" href=\"https:\/\/www.diariovasco.com\/autor\/benat-arnaiz-2633.html\" title=\"Be\u00f1at Arnaiz\" rel=\"nofollow noopener\" target=\"_blank\"><br \/>\n<img decoding=\"async\" class=\"v-mdl-ath__img\" src=\"https:\/\/www.europesays.com\/es\/wp-content\/uploads\/2025\/08\/autor-2633-foto-1.jpeg\" alt=\"Be\u00f1at Arnaiz\"\/><br \/>\n<\/a><\/p>\n<p class=\"v-mdl-ath__p v-mdl-ath__p--6\">\nS\u00e1bado, 27 de septiembre 2025, 20:34<\/p>\n<p class=\"v-p\">El Mundial \u00e9lite masculino cierra la semana de ciclismo en Kigali con una de las batallas m\u00e1s esperadas de la temporada, y m\u00e1s despu\u00e9s de  &#8230; la superioridad que demostr\u00f3 Remco Evenepoel sobre Tadej Pogacar en la contrarreloj del pasado domingo. Si la aproximaci\u00f3n a Ruanda fue con un pensamiento de que el esloveno se iba a pasear, su rendimiento en la crono, por debajo de lo esperado, ha levantado muchas expectativas. Y razones no faltan para creer en un duelo cara a cara este domingo a partir de las 9.45 horas (Teledeporte, Eurosport). Pogacar ha dominado all\u00e1 donde ha ido, pero Evenepoel ya sabe lo que es ganar un Mundial y unos Juegos Ol\u00edmpicos.<\/p>\n<p><a href=\"http:\/\/www.diariovasco.com\/deportes\/ciclismo\/navarra-paula-ostiz-campeona-mundo-junior-tras-20250927112613-nt.html#vtm_modulosEngag=mod-rel:deportes:noticia:1:cmp:1-not\" class=\"v-a-link\" aria-label=\"Imagen\" rel=\"nofollow noopener\" target=\"_blank\"><\/p>\n<p><img decoding=\"async\" loading=\"lazy\" src=\"https:\/\/www.europesays.com\/es\/wp-content\/uploads\/2025\/10\/G119ATuXAAER_vQ-U2301206840551moB--366x256@Diario Vasco.jpg\" class=\"v-a-img\" width=\"258\" height=\"180\" alt=\"\" data-voc-vtm-id=\"in-text-traffic\"\/><\/p>\n<p><\/a><\/p>\n<p class=\"v-p\">La ventaja de correr los \u00faltimos es que todas las selecciones han visto c\u00f3mo se han desarrollado el resto de carreras, y el circuito de Kigali parece ser menos duro de lo que muestran los 5.475 metros de desnivel positivo que tiene el recorrido completo y la clave est\u00e1 siendo en el control que los equipos pueden llegar a realizar. Hay mucho tobog\u00e1n y curva cerrada que dificulta que una o varias escuadras se organicen en la caza, por lo que no ser\u00eda sorprendente que la carrera se rompiera desde pronto y haya nombres importantes filtrados en fugas. Tampoco cabe olvidar que el oro de Pogacar en Z\u00farich lo logr\u00f3 con un ataque a 100 kil\u00f3metros de meta.<\/p>\n<p class=\"v-p\">Adem\u00e1s de los dos grandes favoritos, esperan su oportunidad Skjelmose (Dinamarca), Ciccone (Italia), Pidcock (Gran Breta\u00f1a), Julian Alaphilippe (Francia) Juan Ayuso (Espa\u00f1a), Isaac del Toro (M\u00e9xico) o Ben Healy (Irlanda).<\/p>\n<p class=\"v-crt__t\"> L\u00edmite de sesiones alcanzadas<\/p>\n<p class=\"v-crt__p\">El acceso al contenido Premium est\u00e1 abierto por cortes\u00eda del establecimiento donde te encuentras, pero ahora mismo hay demasiados usuarios conectados a las vez.<\/p>\n<p class=\"v-crt__p\">Por favor, int\u00e9ntalo pasados unos minutos.<\/p>\n<p>\nVolver a intentar\n<\/p>\n<p class=\"v-crt__t\">Sesi\u00f3n cerrada<\/p>\n<p class=\"v-crt__p\">Al iniciar sesi\u00f3n desde un dispositivo distinto, por seguridad, se cerr\u00f3 la \u00faltima sesi\u00f3n en este.<\/p>\n<p class=\"v-crt__p\">Para continuar disfrutando de su suscripci\u00f3n digital, inicie sesi\u00f3n en este dispositivo.<\/p>\n<p>\nEste contenido es exclusivo para suscriptores\n<\/p>\n<p class=\"text\">\u00bfTienes una suscripci\u00f3n? <a href=\"https:\/\/secure.diariovasco.com\/identidad\/inicio#vca=suscribete&amp;vso=diariovasco&amp;vmc=on&amp;vli=cdn-ce-link-login\" class=\"login\" data-voc-vtm-id=\"comienzoSuscripcionON\" data-voc-vtm-info=\"cdn-ce-link-login\" rel=\"nofollow noopener\" target=\"_blank\">Inicia sesi\u00f3n<\/a><\/p>\n<p>Reporta un error<\/p>\n","protected":false},"excerpt":{"rendered":"S\u00e1bado, 27 de septiembre 2025, 20:34 El Mundial \u00e9lite masculino cierra la semana de ciclismo en Kigali con&hellip;\n","protected":false},"author":2,"featured_media":156878,"comment_status":"","ping_status":"","sticky":false,"template":"","format":"standard","meta":{"footnotes":""},"categories":[273],"tags":[4095,313,312,168,25,24,2680,3419,3956,549,23,167],"class_list":{"0":"post-156877","1":"post","2":"type-post","3":"status-publish","4":"format-standard","5":"has-post-thumbnail","7":"category-ciclismo","8":"tag-batalla","9":"tag-ciclismo","10":"tag-cycling","11":"tag-deportes","12":"tag-es","13":"tag-espana","14":"tag-evenepoel","15":"tag-frente","16":"tag-gran","17":"tag-pogacar","18":"tag-spain","19":"tag-sports"},"share_on_mastodon":{"url":"","error":""},"_links":{"self":[{"href":"https:\/\/www.europesays.com\/es\/wp-json\/wp\/v2\/posts\/156877","targetHints":{"allow":["GET"]}}],"collection":[{"href":"https:\/\/www.europesays.com\/es\/wp-json\/wp\/v2\/posts"}],"about":[{"href":"https:\/\/www.europesays.com\/es\/wp-json\/wp\/v2\/types\/post"}],"author":[{"embeddable":true,"href":"https:\/\/www.europesays.com\/es\/wp-json\/wp\/v2\/users\/2"}],"replies":[{"embeddable":true,"href":"https:\/\/www.europesays.com\/es\/wp-json\/wp\/v2\/comments?post=156877"}],"version-history":[{"count":0,"href":"https:\/\/www.europesays.com\/es\/wp-json\/wp\/v2\/posts\/156877\/revisions"}],"wp:featuredmedia":[{"embeddable":true,"href":"https:\/\/www.europesays.com\/es\/wp-json\/wp\/v2\/media\/156878"}],"wp:attachment":[{"href":"https:\/\/www.europesays.com\/es\/wp-json\/wp\/v2\/media?parent=156877"}],"wp:term":[{"taxonomy":"category","embeddable":true,"href":"https:\/\/www.europesays.com\/es\/wp-json\/wp\/v2\/categories?post=156877"},{"taxonomy":"post_tag","embeddable":true,"href":"https:\/\/www.europesays.com\/es\/wp-json\/wp\/v2\/tags?post=156877"}],"curies":[{"name":"wp","href":"https:\/\/api.w.org\/{rel}","templated":true}]}}