{"id":156879,"date":"2025-10-04T18:13:10","date_gmt":"2025-10-04T18:13:10","guid":{"rendered":"https:\/\/www.europesays.com\/es\/156879\/"},"modified":"2025-10-04T18:13:10","modified_gmt":"2025-10-04T18:13:10","slug":"franco-colapinto-largara-18-el-gp-de-singapur","status":"publish","type":"post","link":"https:\/\/www.europesays.com\/es\/156879\/","title":{"rendered":"Franco Colapinto largar\u00e1 18 el GP de Singapur"},"content":{"rendered":"<p>Una vez m\u00e1s el Alpine A525 de Franco Colapinto viene teniendo un fin de semana de menor a mayor. Otra vez fue un viernes para sufrir, donde el auto estaba ingobernable y el mismo Franco lo dec\u00eda al terminar la actividad en pista: \u00abMe cuesta encontrar estabilidad en la entrada, hace que el auto sea impredecible y ac\u00e1 complica.\u00bb\u00a0<\/p>\n<p>Pero eso fue el viernes. Hoy, s\u00e1bado, la cosa empez\u00f3 a pintar mejor. Ya con las gomas amarillas (medias), el auto parec\u00eda estar m\u00e1s estable y Colapinto marcaba parciales que permit\u00edan so\u00f1ar. Cuando puso los <a href=\"https:\/\/ar.motor1.com\/news\/760749\/tc2000-buenos-aires-segunda-fecha\/\" data-inline-widget=\"internal-links\" data-type-id=\"0\" data-params=\"%7B%22article_edition_id%22%3A%22760749%22%2C%22section%22%3A%221%22%2C%22alias%22%3A%22tc2000-buenos-aires-segunda-fecha%22%7D\" rel=\"nofollow noopener\" target=\"_blank\">Pirelli<\/a> m\u00e1s blandos aparecieron los tiempos. Lleg\u00f3 a estar noveno, estuvo un largo tiempo 11 y al final de la tanda qued\u00f3 16.<\/p>\n<p>Y lleg\u00f3 la clasificaci\u00f3n. Franco fue el primero en salir a pista y marcar un tiempo. Se meti\u00f3 a boxes para ajustar y volvi\u00f3 a salir para ponerse octavo con 8 minutos de tanda por delante. Volvi\u00f3 a salir a pista para un \u00faltimo intento ocupando el puesto 14. Su vuelta fue mejor que la que ten\u00eda pero no le alcanzaba para despegarse de los \u00faltimos lugares para pasar a Q2. Y el milagro que necesitaba no sucedi\u00f3. Tsunoda lo dej\u00f3 fuera de la siguiente etapa y sobre el final tambi\u00e9n lo superaron un par de pilotos m\u00e1s.\u00a0<\/p>\n<p>Ma\u00f1ana <a href=\"https:\/\/ar.motor1.com\/news\/773507\/formula1-entrevista-franco-colapinto\/\" data-inline-widget=\"internal-links\" data-type-id=\"0\" data-params=\"%7B%22article_edition_id%22%3A%22773507%22%2C%22section%22%3A%221%22%2C%22alias%22%3A%22formula1-entrevista-franco-colapinto%22%7D\" rel=\"nofollow noopener\" target=\"_blank\">Franco Colapinto<\/a> largar\u00e1 en el puesto 18 con su Alpine A525 y Gasly desde el puesto 20 en un fin de semana lleno de complicaciones para el franc\u00e9s.<\/p>\n<p>                            <a href=\"http:\/\/ar.motor1.com\/photos\/913467\/f1-gp-de-singapur\/#8271442_f1-gp-de-singapur\" class=\"msnt-photo-thumb-gallery-main-photo-box\" rel=\"nofollow noopener\" target=\"_blank\"><\/p>\n<p>                                    <img decoding=\"async\" src=\"https:\/\/www.europesays.com\/es\/wp-content\/uploads\/2025\/09\/16x9-tr.png\" loading=\"lazy\" alt=\"F1: GP de Singapur\" width=\"16\" height=\"9\"\/><\/p>\n<p>                            <\/a><\/p>\n<p>                                    7                                <\/p>\n<p>\n                            Fuente: Motor1 Argentina                        <\/p>\n<p>\u00a0<\/p>\n","protected":false},"excerpt":{"rendered":"Una vez m\u00e1s el Alpine A525 de Franco Colapinto viene teniendo un fin de semana de menor a&hellip;\n","protected":false},"author":2,"featured_media":156880,"comment_status":"","ping_status":"","sticky":false,"template":"","format":"standard","meta":{"footnotes":""},"categories":[270],"tags":[13477,168,25,24,306,271,272,1723,23,167],"class_list":{"0":"post-156879","1":"post","2":"type-post","3":"status-publish","4":"format-standard","5":"has-post-thumbnail","7":"category-formula-1","8":"tag-deporte-motor","9":"tag-deportes","10":"tag-es","11":"tag-espana","12":"tag-f1","13":"tag-formula-1","14":"tag-formula1","15":"tag-franco-colapinto","16":"tag-spain","17":"tag-sports"},"share_on_mastodon":{"url":"","error":""},"_links":{"self":[{"href":"https:\/\/www.europesays.com\/es\/wp-json\/wp\/v2\/posts\/156879","targetHints":{"allow":["GET"]}}],"collection":[{"href":"https:\/\/www.europesays.com\/es\/wp-json\/wp\/v2\/posts"}],"about":[{"href":"https:\/\/www.europesays.com\/es\/wp-json\/wp\/v2\/types\/post"}],"author":[{"embeddable":true,"href":"https:\/\/www.europesays.com\/es\/wp-json\/wp\/v2\/users\/2"}],"replies":[{"embeddable":true,"href":"https:\/\/www.europesays.com\/es\/wp-json\/wp\/v2\/comments?post=156879"}],"version-history":[{"count":0,"href":"https:\/\/www.europesays.com\/es\/wp-json\/wp\/v2\/posts\/156879\/revisions"}],"wp:featuredmedia":[{"embeddable":true,"href":"https:\/\/www.europesays.com\/es\/wp-json\/wp\/v2\/media\/156880"}],"wp:attachment":[{"href":"https:\/\/www.europesays.com\/es\/wp-json\/wp\/v2\/media?parent=156879"}],"wp:term":[{"taxonomy":"category","embeddable":true,"href":"https:\/\/www.europesays.com\/es\/wp-json\/wp\/v2\/categories?post=156879"},{"taxonomy":"post_tag","embeddable":true,"href":"https:\/\/www.europesays.com\/es\/wp-json\/wp\/v2\/tags?post=156879"}],"curies":[{"name":"wp","href":"https:\/\/api.w.org\/{rel}","templated":true}]}}