{"id":156890,"date":"2025-10-04T18:27:09","date_gmt":"2025-10-04T18:27:09","guid":{"rendered":"https:\/\/www.europesays.com\/es\/156890\/"},"modified":"2025-10-04T18:27:09","modified_gmt":"2025-10-04T18:27:09","slug":"el-departamento-del-tesoro-de-eeuu-considera-acunar-una-moneda-con-la-cara-de-trump","status":"publish","type":"post","link":"https:\/\/www.europesays.com\/es\/156890\/","title":{"rendered":"El Departamento del Tesoro de EEUU considera acu\u00f1ar una moneda con la cara de Trump"},"content":{"rendered":"<p>    <img src=\"https:\/\/www.europesays.com\/es\/wp-content\/uploads\/2025\/10\/2025-10-04T123A463A44Z-90114483.jpg\" width=\"1024\" height=\"682\" alt=\"\" loading=\"eager\" decoding=\"sync\" fetchpriority=\"high\"\/><\/p>\n<p>            afp_tickers        <\/p>\n<p>        Este contenido fue publicado en    <\/p>\n<p>        04 octubre 2025 &#8211; 14:46\n<\/p>\n<p>El Departamento del Tesoro de Estados Unidos est\u00e1 considerando crear una moneda de un d\u00f3lar con la imagen del presidente Donald Trump para conmemorar el 250\u00ba aniversario de la independencia del pa\u00eds, informaron las autoridades el viernes.<\/p>\n<p>En una publicaci\u00f3n en redes sociales -que fue retuiteada por el secretario del Tesoro, Scott Bessent-, el responsable de la casa de la moneda estadounidense, Brandon Beach, comparti\u00f3 los primeros borradores.\u00a0<\/p>\n<p>Beach public\u00f3 los primeros borradores del dise\u00f1o en X y a\u00f1adi\u00f3 que \u00abesperaba compartir m\u00e1s\u00bb, una vez que concluya el cierre parcial del gobierno federal.<\/p>\n<p>Un portavoz del Tesoro indic\u00f3 a la AFP que el dise\u00f1o final no ha sido escogido, y reiter\u00f3 que Estados Unidos cumplir\u00e1 su 250\u00ba aniversario el a\u00f1o que viene \u00abm\u00e1s fuerte, m\u00e1s pr\u00f3spero y mejor que nunca\u00bb.<\/p>\n<p>La propuesta llega despu\u00e9s de que el Congreso aprobara en 2020 una legislaci\u00f3n, firmada por Trump durante su primera administraci\u00f3n, que permite al Tesoro emitir monedas de un d\u00f3lar con dise\u00f1os emblem\u00e1ticos del semiquincentenario de Estados Unidos.<\/p>\n<p>Puede acu\u00f1ar estas monedas para emitirse durante un per\u00edodo de un a\u00f1o a partir de enero de 2026.\u00a0<\/p>\n<p>El dise\u00f1o preliminar tiene la efigie de Trump en una cara, mientras que la otra muestra al presidente con el pu\u00f1o cerrado y una bandera estadounidense detr\u00e1s. Las palabras \u00abLucha, lucha, lucha\u00bb tambi\u00e9n aparecen sobre la imagen de Trump con el pu\u00f1o en alto.\u00a0<\/p>\n<p>Tras un intento de asesinato en julio del a\u00f1o pasado, las im\u00e1genes de Trump \u2014con el rostro ensangrentado, levantando el pu\u00f1o y gritando \u00ab\u00a1Lucha, lucha, lucha!\u00bb\u2014 se convirtieron en im\u00e1genes clave de su campa\u00f1a electoral.<\/p>\n<p>bys-jz\/db<\/p>\n","protected":false},"excerpt":{"rendered":"afp_tickers Este contenido fue publicado en 04 octubre 2025 &#8211; 14:46 El Departamento del Tesoro de Estados Unidos&hellip;\n","protected":false},"author":2,"featured_media":156891,"comment_status":"","ping_status":"","sticky":false,"template":"","format":"standard","meta":{"footnotes":""},"categories":[42],"tags":[17,18,13,14,4437,11,10110,61,62,63,64,19,20,9,10,15,16,88,90,12,21,22,65,66,67],"class_list":{"0":"post-156890","1":"post","2":"type-post","3":"status-publish","4":"format-standard","5":"has-post-thumbnail","7":"category-internacional","8":"tag-breaking-news","9":"tag-breakingnews","10":"tag-featured-news","11":"tag-featurednews","12":"tag-government","13":"tag-headlines","14":"tag-human-interest","15":"tag-internacional","16":"tag-international","17":"tag-international-news","18":"tag-internationalnews","19":"tag-latest-news","20":"tag-latestnews","21":"tag-news","22":"tag-noticias","23":"tag-noticias-destacadas","24":"tag-noticiasdestacadas","25":"tag-politics","26":"tag-ticker","27":"tag-titulares","28":"tag-ultimas-noticias","29":"tag-ultimasnoticias","30":"tag-world","31":"tag-world-news","32":"tag-worldnews"},"share_on_mastodon":{"url":"","error":""},"_links":{"self":[{"href":"https:\/\/www.europesays.com\/es\/wp-json\/wp\/v2\/posts\/156890","targetHints":{"allow":["GET"]}}],"collection":[{"href":"https:\/\/www.europesays.com\/es\/wp-json\/wp\/v2\/posts"}],"about":[{"href":"https:\/\/www.europesays.com\/es\/wp-json\/wp\/v2\/types\/post"}],"author":[{"embeddable":true,"href":"https:\/\/www.europesays.com\/es\/wp-json\/wp\/v2\/users\/2"}],"replies":[{"embeddable":true,"href":"https:\/\/www.europesays.com\/es\/wp-json\/wp\/v2\/comments?post=156890"}],"version-history":[{"count":0,"href":"https:\/\/www.europesays.com\/es\/wp-json\/wp\/v2\/posts\/156890\/revisions"}],"wp:featuredmedia":[{"embeddable":true,"href":"https:\/\/www.europesays.com\/es\/wp-json\/wp\/v2\/media\/156891"}],"wp:attachment":[{"href":"https:\/\/www.europesays.com\/es\/wp-json\/wp\/v2\/media?parent=156890"}],"wp:term":[{"taxonomy":"category","embeddable":true,"href":"https:\/\/www.europesays.com\/es\/wp-json\/wp\/v2\/categories?post=156890"},{"taxonomy":"post_tag","embeddable":true,"href":"https:\/\/www.europesays.com\/es\/wp-json\/wp\/v2\/tags?post=156890"}],"curies":[{"name":"wp","href":"https:\/\/api.w.org\/{rel}","templated":true}]}}