{"id":156892,"date":"2025-10-04T18:28:08","date_gmt":"2025-10-04T18:28:08","guid":{"rendered":"https:\/\/www.europesays.com\/es\/156892\/"},"modified":"2025-10-04T18:28:08","modified_gmt":"2025-10-04T18:28:08","slug":"el-gobierno-cifra-en-50-los-espanoles-retenidos-en-israel-sin-fecha-fija-para-su-deportacion","status":"publish","type":"post","link":"https:\/\/www.europesays.com\/es\/156892\/","title":{"rendered":"El Gobierno cifra en 50 los espa\u00f1oles retenidos en Israel, sin fecha fija para su deportaci\u00f3n"},"content":{"rendered":"<p class=\"articleParagraph\">El ministro de Asuntos Exteriores, Jos\u00e9 Manuel Albares, ha se\u00f1alado este s\u00e1bado que los espa\u00f1oles que viajaban en la Flotilla Global Sumud y que se encuentran retenidos en Israel <b>son en torno a 50 y ha garantizado que su departamento trabaja para que regresen \u00abcuanto antes\u00bb a Espa\u00f1a<\/b>, pero no ha ofrecido una fecha concreta.<\/p>\n<p class=\"articleParagraph\">En un primer momento Exteriores hab\u00eda barajado la cifra de 65 espa\u00f1oles, pero Albares, entrevistado en TVE, ha se\u00f1alado que tras <b>cotejar sus listas con las que les han facilitado las autoridades de Israel <\/b>se trata de un grupo de alrededor de 50.<\/p>\n<p class=\"articleParagraph\">Ayer viernes el c\u00f3nsul espa\u00f1ol en Tel Aviv acudi\u00f3 a la prisi\u00f3n de Saharonim (sur de Israel), donde est\u00e1n retenidos, y pudo contactar con un primer grupo, pero no con todos.<\/p>\n<p class=\"articleParagraph\"><b>El s\u00e1bado no hay visitas consulares<\/b>, pero ma\u00f1ana a primera hora volver\u00e1 y, ha subrayado Albares, regresar\u00e1 cada d\u00eda hasta que no se haya entrevistado con todos los espa\u00f1oles y hasta que estos no sean liberados y est\u00e9n de regreso a Espa\u00f1a.<\/p>\n<blockquote class=\"articleQuote\"><p>\u00abSe encuentran bien\u00bb <\/p><\/blockquote>\n<p class=\"articleParagraph\">Los <b>alrededor de 450 activistas que viajaban<\/b> en la flotilla han sido recluidos en la prisi\u00f3n de Saharonim, en el desierto del Neguev, y pa\u00edses como Italia han pedido que se mejoren sus \u00abprecarias condiciones\u00bb.<\/p>\n<p class=\"articleParagraph\">Albares, que habl\u00f3 con el c\u00f3nsul despu\u00e9s de su primera visita a la c\u00e1rcel, ha explicado que <b>\u00abdentro de las circunstancias\u00bb en las que est\u00e1n, los espa\u00f1oles \u00abse encuentran bien\u00bb.<\/b><\/p>\n<p>Posible fecha de regreso a Espa\u00f1a<\/p>\n<p class=\"articleParagraph\">Preguntado por una <b>posible fecha para su regreso a Espa\u00f1a<\/b>, ha explicado que las autoridades israel\u00edes agilizan la deportaci\u00f3n de aquellos que firman un papel aceptando que su entrada en el pa\u00eds fue ilegal y que el proceso para el resto es algo m\u00e1s largo.<\/p>\n<p class=\"articleParagraph\">\u00abTrabajamos para que sea lo antes posible y para que sus derechos no se vean cercenados en ning\u00fan momento\u00bb, ha se\u00f1alado el ministro, quien ha recordado que <b>est\u00e1n en contacto con los c\u00f3nsules<\/b> que atienden a los otros activistas, entre los que hay alrededor de cuarenta nacionalidades.<\/p>\n<p class=\"articleParagraph\">Albares ha garantizado que<b> los tripulantes de la flotilla son la \u00abgran prioridad\u00bb del consultado<\/b> y de la embajada de Espa\u00f1a en Tel Aviv y que seguir\u00e1n trabajando para defender sus derechos, que recuperen la libertad de movimiento -\u00abno tendr\u00edan que haber estado sin ella ni un solo d\u00eda\u00bb, ha apostillado- y que regresen a Espa\u00f1a.<\/p>\n<p>Cree que la respuesta de Hamas abre un horizonte de paz<\/p>\n<p class=\"articleParagraph\">El ministro ha destacado que la respuesta de Ham\u00e1s al plan estadounidense para Gaza puede <b>abrir un horizonte de paz para Israel y Palestina<\/b>, por lo que ha pedido no minimizar el paso dado por el movimiento islamista.<\/p>\n<p class=\"articleParagraph\">Ha explicado que el Ejecutivo saluda todo aquello que pueda permitir la <b>liberaci\u00f3n de todos los rehenes<\/b>, el alto el fuego inmediato y la entrada de alimentos y ayuda humanitaria.<\/p>\n<p class=\"articleParagraph\">\u00abSi todo esto sirve, <b>aunque sea para liberar a un solo reh\u00e9n<\/b>, para que haya un d\u00eda en el que los palestinos de Gaza puedan acceder libremente a los alimentos, para que cesen los bombardeos injustificados en estos momentos de Israel, bienvenido sea\u00bb, ha destacado Albares.<\/p>\n<p class=\"articleParagraph\">Pero ha advertido de que, aunque es muy importante y positivo, no es el paso definitivo y a\u00fan quedar\u00e1n muchos escollos para lograr la paz.<\/p>\n<p class=\"articleParagraph\">En este sentido, ha hecho un llamamiento a todas las partes que tienen capacidad de influencia que exploren las posibilidades de acuerdo y negocien de buen fe.<\/p>\n","protected":false},"excerpt":{"rendered":"El ministro de Asuntos Exteriores, Jos\u00e9 Manuel Albares, ha se\u00f1alado este s\u00e1bado que los espa\u00f1oles que viajaban en&hellip;\n","protected":false},"author":2,"featured_media":156893,"comment_status":"","ping_status":"","sticky":false,"template":"","format":"standard","meta":{"footnotes":""},"categories":[8],"tags":[17,18,25,24,13,14,11,19,20,9,10,15,16,23,12,21,22],"class_list":{"0":"post-156892","1":"post","2":"type-post","3":"status-publish","4":"format-standard","5":"has-post-thumbnail","7":"category-espana","8":"tag-breaking-news","9":"tag-breakingnews","10":"tag-es","11":"tag-espana","12":"tag-featured-news","13":"tag-featurednews","14":"tag-headlines","15":"tag-latest-news","16":"tag-latestnews","17":"tag-news","18":"tag-noticias","19":"tag-noticias-destacadas","20":"tag-noticiasdestacadas","21":"tag-spain","22":"tag-titulares","23":"tag-ultimas-noticias","24":"tag-ultimasnoticias"},"share_on_mastodon":{"url":"","error":""},"_links":{"self":[{"href":"https:\/\/www.europesays.com\/es\/wp-json\/wp\/v2\/posts\/156892","targetHints":{"allow":["GET"]}}],"collection":[{"href":"https:\/\/www.europesays.com\/es\/wp-json\/wp\/v2\/posts"}],"about":[{"href":"https:\/\/www.europesays.com\/es\/wp-json\/wp\/v2\/types\/post"}],"author":[{"embeddable":true,"href":"https:\/\/www.europesays.com\/es\/wp-json\/wp\/v2\/users\/2"}],"replies":[{"embeddable":true,"href":"https:\/\/www.europesays.com\/es\/wp-json\/wp\/v2\/comments?post=156892"}],"version-history":[{"count":0,"href":"https:\/\/www.europesays.com\/es\/wp-json\/wp\/v2\/posts\/156892\/revisions"}],"wp:featuredmedia":[{"embeddable":true,"href":"https:\/\/www.europesays.com\/es\/wp-json\/wp\/v2\/media\/156893"}],"wp:attachment":[{"href":"https:\/\/www.europesays.com\/es\/wp-json\/wp\/v2\/media?parent=156892"}],"wp:term":[{"taxonomy":"category","embeddable":true,"href":"https:\/\/www.europesays.com\/es\/wp-json\/wp\/v2\/categories?post=156892"},{"taxonomy":"post_tag","embeddable":true,"href":"https:\/\/www.europesays.com\/es\/wp-json\/wp\/v2\/tags?post=156892"}],"curies":[{"name":"wp","href":"https:\/\/api.w.org\/{rel}","templated":true}]}}