{"id":156894,"date":"2025-10-04T18:29:24","date_gmt":"2025-10-04T18:29:24","guid":{"rendered":"https:\/\/www.europesays.com\/es\/156894\/"},"modified":"2025-10-04T18:29:24","modified_gmt":"2025-10-04T18:29:24","slug":"si-no-quedara-acreditada-la-existencia-de-una-caja-b","status":"publish","type":"post","link":"https:\/\/www.europesays.com\/es\/156894\/","title":{"rendered":"\u00abSi no, quedar\u00e1 acreditada la existencia de una caja B\u00bb"},"content":{"rendered":"<p style=\"\">\u00abLo que hasta ayer era una sospecha, hoy es ya un hecho: por la sede de Ferraz, se mov\u00edan grandes cantidades de dinero en sobres de propaganda electoral que no se dice de d\u00f3nde ven\u00eda, pero que s\u00ed se sabe d\u00f3nde acab\u00f3, en manos  &#8230; del n\u00famero dos de [Pedro] S\u00e1nchez y su asesor\u00ab, ha comenzado denunciando este s\u00e1bado por la ma\u00f1ana el secretario general del Partido Popular, Miguel Tellado, en rueda de prensa en el n\u00famero 13 de la madrile\u00f1a calle G\u00e9nova. El dirigente popular ha convocado a los medios para urgir al presidente del Gobierno que demuestre que los justificantes por los gastos por los que se remuner\u00f3 en met\u00e1lico al exministro Jos\u00e9 Luis \u00c1balos son reales. De lo contrario, ha deslizado, quedar\u00e1 probada la existencia de una caja B.<\/p>\n<p class=\"voc-p\" style=\"\">\u00abExigimos al PSOE que ense\u00f1e cuanto antes los resguardos de las retiradas en efectivo de sus cuentas, los que justifiquen la existencia de miles de euros en met\u00e1lico. De no hacerlo, quedar\u00e1  acreditada la existencia de una contabilidad B\u00bb, ha sugerido Tellado, a quien no le cabe duda que ese dinero \u00abentr\u00f3 en bolsas de basura como asegur\u00f3 [la empresaria] Carmen Pano en sede judicial o, como dice el gerente del PSOE hoy recolocado en la empresa p\u00fablica Enusa [se refiere el popular a Mariano Moreno, se retir\u00f3 del banco\u00bb.  Tambi\u00e9n exige ver el exportavoz parlamentario del PP \u00ablos tickets de hoteles, restaurantes o desplazamientos que justifiquen los pagos por los gastos de \u00c1balos\u00bb. \u00abDe no hacerlo, quedar\u00e1 acreditado el pago de sobresueldos a la c\u00fapula socialista\u00bb, a\u00f1ade.<\/p>\n<p class=\"voc-p\" style=\"\">\u00abDurante a\u00f1os, la sede nacional del PSOE ha sido un ir y venir de dinero de procedencia desconocida\u00bb, ha sentenciado el secretario general de los populares un d\u00eda despu\u00e9s de salir a la luz el informe patrimonial de casi 300 p\u00e1ginas elaborado por la Unidad Central Operativa (UCO) de la Guardia Civil, al que ha tenido acceso ABC y que revela que el PSOE pag\u00f3 cantidades cercanas a los 30.000 euros en efectivo en sobres del partido el exresponsable de Transportes y tambi\u00e9n a su hombre de confianza, Koldo Garc\u00eda, que da nombre a la trama investigada.<\/p>\n<p class=\"voc-p\" style=\"\">El citado documento de 300 p\u00e1ginas, entregado por la UCO al juez instructor del Tribunal Supremo Leopoldo Puente, que investiga si el tambi\u00e9n ex secretario de Organizaci\u00f3n socialista form\u00f3 parte de un caso de mordidas a cambio de ama\u00f1o de adjudicaciones de obra p\u00fablica, recoge, adem\u00e1s, que el que fuera mano derecha del propio S\u00e1nchez hasta el a\u00f1o 2021 hizo desembolsos personales de al menos 95.000 euros procedentes de una fuente no declarada. <\/p>\n<p class=\"voc-p\" style=\"\">Ambas, se\u00f1ala Tellado este s\u00e1bado, \u00abson informaciones que revisten de extrema gravedad\u00bb. Y por ello, se pregunta: \u00ab\u00bfCobr\u00f3 S\u00e1nchez dinero del mismo modo?\u00bb. Es por ello que emplaza tambi\u00e9n al jefe del Ejecutivo a aclarar \u00abcu\u00e1ntos dirigentes socialistas  han cobrado con este &#8216;modus operandi&#8217;\u00bb. Porque, a su juicio, \u00abhablamos de corrupci\u00f3n generalizada e institucionalizada, de dinero B, de maquinaria bien engrasada y de una monta\u00f1a de indicios de financiaci\u00f3n ilegal del PSOE\u00bb.  Algo que el viernes, d\u00eda en que se conoci\u00f3 el informe del Instituto Armado, ya se encarg\u00f3 de negar el propio Partido Socialista. \u00abLa UCO corrobora que no ha habido financiaci\u00f3n ilegal\u00bb y \u00abtodos\u00bb los pagos disponen de sus comprobantes, \u00abest\u00e1n justificados\u00bb, cuentan, adem\u00e1s, con la aprobaci\u00f3n del Tribunal Supremo y est\u00e1n auditadas de forma externa \u00abcomo todas las cuentas del PSOE\u00bb, se escudaron fuentes internas. <\/p>\n<p class=\"voc-title\">\u00abHablamos de dinero B, de maquinaria bien engrasada y de una monta\u00f1a de indicios de financiaci\u00f3n ilegal del PSOE\u00bb<\/p>\n<p class=\"voc-article-position__name\">Miguel Tellado<\/p>\n<p class=\"voc-article-position__employ\">Secretario general del PP<\/p>\n<p class=\"voc-p\" style=\"\">Todo lo anterior mencionado es, a ojos del partido que preside Alberto N\u00fa\u00f1ez Feij\u00f3o, <strong>\u00abun esc\u00e1ndalo que es completamente imposible que Pedro S\u00e1nchez no conociera, no consintiera y no encubriera\u00bb<\/strong> porque \u00abnada de esto pudiera suceder de espaldas a quien la trama llamaba &#8216;n\u00famero 1&#8217;.  Es por este mismo motivo, explica Tellado, que el secretario general de los socialistas y presidente del Gobierno ha decidido adoptar la estrategia de \u00bbatacar a todo el mundo\u00ab y de \u00bbhacer anuncios vac\u00edos a la desesperada\u00ab como el de ayer para incluir el derecho al aborto en la Constituci\u00f3n. \u00bbCada vez que lo hace es porque le acecha un nuevo esc\u00e1ndalo de corrupci\u00f3n. Ha pasado de forma reiterada con el caso de su mujer o el de su hermano, se ha vuelto muy previsible. Nos sabemos todos sus trucos\u00ab, se jacta el popular, que no ha dudado en pedir, por \u00faltimo y por en\u00e9sima vez, la dimisi\u00f3n de S\u00e1nchez. \u00abS\u00f3lo le queda dimitir y convocar elecciones. Los espa\u00f1oles lo saben y los socios tambi\u00e9n\u00bb, opina. <\/p>\n","protected":false},"excerpt":{"rendered":"\u00abLo que hasta ayer era una sospecha, hoy es ya un hecho: por la sede de Ferraz, se&hellip;\n","protected":false},"author":2,"featured_media":156895,"comment_status":"","ping_status":"","sticky":false,"template":"","format":"standard","meta":{"footnotes":""},"categories":[5],"tags":[32397,46884,17,18,8221,25,24,10006,15802,13,14,11,4164,19,20,9,10,15,16,46883,956,20232,199,23,12,21,22,28231],"class_list":{"0":"post-156894","1":"post","2":"type-post","3":"status-publish","4":"format-standard","5":"has-post-thumbnail","7":"category-titulares","8":"tag-abalos","9":"tag-acreditada","10":"tag-breaking-news","11":"tag-breakingnews","12":"tag-caja","13":"tag-es","14":"tag-espana","15":"tag-existencia","16":"tag-explicar","17":"tag-featured-news","18":"tag-featurednews","19":"tag-headlines","20":"tag-koldo","21":"tag-latest-news","22":"tag-latestnews","23":"tag-news","24":"tag-noticias","25":"tag-noticias-destacadas","26":"tag-noticiasdestacadas","27":"tag-pagos","28":"tag-pp","29":"tag-quedara","30":"tag-sanchez","31":"tag-spain","32":"tag-titulares","33":"tag-ultimas-noticias","34":"tag-ultimasnoticias","35":"tag-urge"},"share_on_mastodon":{"url":"","error":""},"_links":{"self":[{"href":"https:\/\/www.europesays.com\/es\/wp-json\/wp\/v2\/posts\/156894","targetHints":{"allow":["GET"]}}],"collection":[{"href":"https:\/\/www.europesays.com\/es\/wp-json\/wp\/v2\/posts"}],"about":[{"href":"https:\/\/www.europesays.com\/es\/wp-json\/wp\/v2\/types\/post"}],"author":[{"embeddable":true,"href":"https:\/\/www.europesays.com\/es\/wp-json\/wp\/v2\/users\/2"}],"replies":[{"embeddable":true,"href":"https:\/\/www.europesays.com\/es\/wp-json\/wp\/v2\/comments?post=156894"}],"version-history":[{"count":0,"href":"https:\/\/www.europesays.com\/es\/wp-json\/wp\/v2\/posts\/156894\/revisions"}],"wp:featuredmedia":[{"embeddable":true,"href":"https:\/\/www.europesays.com\/es\/wp-json\/wp\/v2\/media\/156895"}],"wp:attachment":[{"href":"https:\/\/www.europesays.com\/es\/wp-json\/wp\/v2\/media?parent=156894"}],"wp:term":[{"taxonomy":"category","embeddable":true,"href":"https:\/\/www.europesays.com\/es\/wp-json\/wp\/v2\/categories?post=156894"},{"taxonomy":"post_tag","embeddable":true,"href":"https:\/\/www.europesays.com\/es\/wp-json\/wp\/v2\/tags?post=156894"}],"curies":[{"name":"wp","href":"https:\/\/api.w.org\/{rel}","templated":true}]}}