{"id":156898,"date":"2025-10-04T18:31:19","date_gmt":"2025-10-04T18:31:19","guid":{"rendered":"https:\/\/www.europesays.com\/es\/156898\/"},"modified":"2025-10-04T18:31:19","modified_gmt":"2025-10-04T18:31:19","slug":"sebastian-castella-por-jose-maria-manzanares-manana-en-las-rozas","status":"publish","type":"post","link":"https:\/\/www.europesays.com\/es\/156898\/","title":{"rendered":"Sebasti\u00e1n Castella por Jos\u00e9 Mar\u00eda Manzanares ma\u00f1ana en Las Rozas"},"content":{"rendered":"<p>Tras presentar parte facultativo por la lesi\u00f3n producida en la Plaza de Toros de Murcia, el matador de toros <strong>Jos\u00e9 Maria Manzanares<\/strong>, no podr\u00e1 actuar en el festejo programado para el d\u00eda 4 de octubre en la plaza de Las Rozas, por lo que la empresa Cebertauro, de com\u00fan acuerdo con el resto de actuantes, ha dedicido que sea sustituido por\u00a0 el franc\u00e9s <strong>Sebasti\u00e1n Castella<\/strong>, quedando el cartel de la siguiente forma.<\/p>\n<p>Toros de la ganader\u00edas de <strong>Hermanos Garc\u00eda Jim\u00e9nez y Olga Jim\u00e9nez<\/strong> para <strong>Sebasti\u00e1n Castella, David de Miranda<\/strong> y <strong>Juan Herrero (Alternativa)<\/strong><\/p>\n","protected":false},"excerpt":{"rendered":"Tras presentar parte facultativo por la lesi\u00f3n producida en la Plaza de Toros de Murcia, el matador de&hellip;\n","protected":false},"author":2,"featured_media":156899,"comment_status":"","ping_status":"","sticky":false,"template":"","format":"standard","meta":{"footnotes":""},"categories":[277],"tags":[373,168,25,24,23,167,374],"class_list":{"0":"post-156898","1":"post","2":"type-post","3":"status-publish","4":"format-standard","5":"has-post-thumbnail","7":"category-toreo","8":"tag-bullfighting","9":"tag-deportes","10":"tag-es","11":"tag-espana","12":"tag-spain","13":"tag-sports","14":"tag-toreo"},"share_on_mastodon":{"url":"","error":""},"_links":{"self":[{"href":"https:\/\/www.europesays.com\/es\/wp-json\/wp\/v2\/posts\/156898","targetHints":{"allow":["GET"]}}],"collection":[{"href":"https:\/\/www.europesays.com\/es\/wp-json\/wp\/v2\/posts"}],"about":[{"href":"https:\/\/www.europesays.com\/es\/wp-json\/wp\/v2\/types\/post"}],"author":[{"embeddable":true,"href":"https:\/\/www.europesays.com\/es\/wp-json\/wp\/v2\/users\/2"}],"replies":[{"embeddable":true,"href":"https:\/\/www.europesays.com\/es\/wp-json\/wp\/v2\/comments?post=156898"}],"version-history":[{"count":0,"href":"https:\/\/www.europesays.com\/es\/wp-json\/wp\/v2\/posts\/156898\/revisions"}],"wp:featuredmedia":[{"embeddable":true,"href":"https:\/\/www.europesays.com\/es\/wp-json\/wp\/v2\/media\/156899"}],"wp:attachment":[{"href":"https:\/\/www.europesays.com\/es\/wp-json\/wp\/v2\/media?parent=156898"}],"wp:term":[{"taxonomy":"category","embeddable":true,"href":"https:\/\/www.europesays.com\/es\/wp-json\/wp\/v2\/categories?post=156898"},{"taxonomy":"post_tag","embeddable":true,"href":"https:\/\/www.europesays.com\/es\/wp-json\/wp\/v2\/tags?post=156898"}],"curies":[{"name":"wp","href":"https:\/\/api.w.org\/{rel}","templated":true}]}}