{"id":156900,"date":"2025-10-04T18:36:09","date_gmt":"2025-10-04T18:36:09","guid":{"rendered":"https:\/\/www.europesays.com\/es\/156900\/"},"modified":"2025-10-04T18:36:09","modified_gmt":"2025-10-04T18:36:09","slug":"carlos-sainz-saldra-ultimo-en-singapur-por-superar-el-limite-del-aleron-trasero","status":"publish","type":"post","link":"https:\/\/www.europesays.com\/es\/156900\/","title":{"rendered":"Carlos Sainz saldr\u00e1 \u00faltimo en Singapur por superar el l\u00edmite del aler\u00f3n trasero"},"content":{"rendered":"<p>La Federaci\u00f3n Internacional de Automovilismo <strong>(FIA) ha informado que los pilotos de la escuder\u00eda Williams, el espa\u00f1ol Carlos Sainz y el tailand\u00e9s Alex Alb\u00f3n, han sido descalificados<\/strong> de la sesi\u00f3n clasificatoria del Gran Premio de Singapur por superar ambos monoplazas el l\u00edmite m\u00e1ximo de 85 mil\u00edmetros a ambos lados del \u00e1rea exterior del aler\u00f3n trasero (DRS).<\/p>\n<p>Seg\u00fan la FIA, y dado que esto incumple el art\u00edculo 3.10.10 g de las Reglas T\u00e9cnicas, <strong>los tiempos realizados por ambos pilotos quedan invalidados y saldr\u00e1n ma\u00f1ana en la posici\u00f3n 19\u00aa<\/strong>, en el caso de Alb\u00f3n, y 20\u00aa, para Sainz.<\/p>\n<p>Cabe recordar que<strong> el piloto nacido en Londres hab\u00eda alcanzado la 12\u00aa plaza en la Q3,<\/strong> mientras que el madrile\u00f1o logr\u00f3 el 13\u00ba en una complicada sesi\u00f3n para la escuder\u00eda brit\u00e1nica.<\/p>\n","protected":false},"excerpt":{"rendered":"La Federaci\u00f3n Internacional de Automovilismo (FIA) ha informado que los pilotos de la escuder\u00eda Williams, el espa\u00f1ol Carlos&hellip;\n","protected":false},"author":2,"featured_media":156901,"comment_status":"","ping_status":"","sticky":false,"template":"","format":"standard","meta":{"footnotes":""},"categories":[270],"tags":[46886,2103,307,46887,168,41020,25,24,306,2041,271,272,46885,23,167],"class_list":{"0":"post-156900","1":"post","2":"type-post","3":"status-publish","4":"format-standard","5":"has-post-thumbnail","7":"category-formula-1","8":"tag-aleron-trasero","9":"tag-alex-albon","10":"tag-carlos-sainz","11":"tag-clasificacion-formula-1","12":"tag-deportes","13":"tag-descalificacion","14":"tag-es","15":"tag-espana","16":"tag-f1","17":"tag-fia","18":"tag-formula-1","19":"tag-formula1","20":"tag-gran-premio-singapur","21":"tag-spain","22":"tag-sports"},"share_on_mastodon":{"url":"","error":""},"_links":{"self":[{"href":"https:\/\/www.europesays.com\/es\/wp-json\/wp\/v2\/posts\/156900","targetHints":{"allow":["GET"]}}],"collection":[{"href":"https:\/\/www.europesays.com\/es\/wp-json\/wp\/v2\/posts"}],"about":[{"href":"https:\/\/www.europesays.com\/es\/wp-json\/wp\/v2\/types\/post"}],"author":[{"embeddable":true,"href":"https:\/\/www.europesays.com\/es\/wp-json\/wp\/v2\/users\/2"}],"replies":[{"embeddable":true,"href":"https:\/\/www.europesays.com\/es\/wp-json\/wp\/v2\/comments?post=156900"}],"version-history":[{"count":0,"href":"https:\/\/www.europesays.com\/es\/wp-json\/wp\/v2\/posts\/156900\/revisions"}],"wp:featuredmedia":[{"embeddable":true,"href":"https:\/\/www.europesays.com\/es\/wp-json\/wp\/v2\/media\/156901"}],"wp:attachment":[{"href":"https:\/\/www.europesays.com\/es\/wp-json\/wp\/v2\/media?parent=156900"}],"wp:term":[{"taxonomy":"category","embeddable":true,"href":"https:\/\/www.europesays.com\/es\/wp-json\/wp\/v2\/categories?post=156900"},{"taxonomy":"post_tag","embeddable":true,"href":"https:\/\/www.europesays.com\/es\/wp-json\/wp\/v2\/tags?post=156900"}],"curies":[{"name":"wp","href":"https:\/\/api.w.org\/{rel}","templated":true}]}}