{"id":156904,"date":"2025-10-04T18:39:17","date_gmt":"2025-10-04T18:39:17","guid":{"rendered":"https:\/\/www.europesays.com\/es\/156904\/"},"modified":"2025-10-04T18:39:17","modified_gmt":"2025-10-04T18:39:17","slug":"he-sufrido-por-mi-hija-con-todas-las-mentiras-que-se-dijeron-por-la-raspa-de-nuestra-marca","status":"publish","type":"post","link":"https:\/\/www.europesays.com\/es\/156904\/","title":{"rendered":"He sufrido por mi hija con todas las mentiras que se dijeron por la raspa de nuestra marca"},"content":{"rendered":"<p><img loading=\"lazy\" decoding=\"async\" src=\"https:\/\/www.europesays.com\/es\/wp-content\/uploads\/2025\/08\/cortazar-beatriz.jpg\" itemtype=\"\/\/schema.org\/ImageObject\" itemprop=\"url\" alt=\"Beatriz Cort\u00e1zar\" width=\"64\" height=\"64\" pinger-seen=\"true\"\/><\/p>\n<p>Con el pelo tirante y una elegante blusa de gasa en gris claro, la humorista <b>Paz Padilla<\/b> no pos\u00f3 en el photocall del evento con su actual novio, el guardia civil <b>Fran Medina<\/b>, pero esto tampoco impidi\u00f3 que los asistentes al evento de Sigfrido Molina la vieran tan bien acompa\u00f1ada. Con mucha paz en sus palabras y sin cambiar una coma del discurso que lleva repitiendo en los \u00faltimos a\u00f1os, Paz coment\u00f3 que ha llegado el momento de empezar a soltar lastre en el trabajo.<\/p>\n<blockquote><p>&#13;<\/p>\n<p>\u00abNo quiero el ritmo de los a\u00f1os de atr\u00e1s. Tenemos que ser conscientes que trabajamos para vivir pero estoy en una etapa en la que quiero tiempo para m\u00ed, para mi gente, mi hija; para viajar\u2026 <b>A\u00f1os atr\u00e1s siempre ten\u00eda miedo por si faltaba el trabajo pero hoy ya no tengo ese sentimiento<\/b>. Las cosas prefiero que vayan a otro ritmo\u00bb, asegura.<\/p>\n<p>&#13;\n<\/p><\/blockquote>\n<p>La televisi\u00f3n no es hoy una prioridad, como tampoco lo es vivir a un ritmo galopante. A la pregunta de c\u00f3mo se encuentra y c\u00f3mo le va con su novio dice que est\u00e1 \u00aben una etapa tranquila, aceptando los golpes de la vida y entendiendo que todo es ef\u00edmero y que cada d\u00eda que pasa es un regalo\u00bb. <b>\u00abTengo mucha paz. Es verdad que he llorado mucho, y es que la vida es lo que es<\/b>. La vida me ense\u00f1a que es un regalo y quiero estar rodeada de amor\u00bb, dice sin querer entrar en el detalle.<\/p>\n<p>                            <img decoding=\"async\" src=\"https:\/\/www.europesays.com\/es\/wp-content\/uploads\/2025\/10\/770x_thumbnail_IMG_7812.jpg\" loading=\"lazy\"\/><\/p>\n<p>                            Fernando Romay con Rosa Benito y Paz Padilla.<\/p>\n<p><b>Paz est\u00e1 encantada con la tienda NoNiN\u00e1 que ha lanzado con su hija e insiste que no entiende la pol\u00e9mica que se mont\u00f3 el pasado verano<\/b> con la historia de la raspa, que es el s\u00edmbolo de su marca de moda. \u00abNunca entend\u00ed las cosas que se dijeron y eran mentira. Nunca he registrado la raspa porque es universal. Dise\u00f1\u00e9 un tipo de raspa y fue la oficina de patentes la que denuncio que hab\u00eda otra raspa igual o muy parecida a la m\u00eda y eso daba pie a confusiones. La denuncia sigue su curso y es que se han dicho muchas barbaridades. Estoy acostumbrada a ciertas campa\u00f1as de algunos medios o televisiones contra m\u00ed, pero he sufrido sobre todo por mi hija, que no est\u00e1 acostumbrada, aunque le tuve que explicar algunas cosas para que entendiera lo que pasaba\u00bb, comenta.<\/p>\n<p>                            <img decoding=\"async\" src=\"https:\/\/www.europesays.com\/es\/wp-content\/uploads\/2025\/10\/770x_paz1.jpeg\" loading=\"lazy\"\/><\/p>\n<p>\u00abElla es la que dise\u00f1a y lleva la firma, que para algo ha estudiado Econom\u00eda con su m\u00e1ster y se encarga del d\u00eda a d\u00eda. Te aseguro que para m\u00ed es un lujo poder trabajar a su lado, porque nos permite estar muy cerca. Ana ya es una mujer independiente, con su personalidad, y <b>nos damos consejos mutuamente porque nuestra relaci\u00f3n es ya m\u00e1s de amigas\u00bb<\/b>, se\u00f1ala muy orgullosa de la suerte que tiene de poder disfrutar tanto de su cercan\u00eda.<\/p>\n<p>                            <img decoding=\"async\" src=\"https:\/\/www.europesays.com\/es\/wp-content\/uploads\/2025\/10\/770x_paz2.jpeg\" loading=\"lazy\"\/><\/p>\n<p>&#8216;Cuerpos locos&#8217;, su nueva pel\u00edcula<\/p>\n<p>Esta semana Paz tambi\u00e9n vuelve a la pantalla grande con el estreno de la pel\u00edcula <b>Cuerpos locos <\/b>que dirige Ana Murugarren y en donde comparte protagonismo con el actor Antonio Resines. Precisamente, es en este filme donde aparece el ex presidente de Cantabria <b>Miguel \u00c1ngel Revilla<\/b> en un papel casi hecho a su medida, y <b>en cuyo rodaje fue cuando se enter\u00f3 de que el rey Juan Carlos I le hab\u00eda puesto una demanda por vulneraci\u00f3n del derecho al honor<\/b>. Todo el reparto vivi\u00f3 en primera persona la reacci\u00f3n del pol\u00edtico al saber que el em\u00e9rito le llevaba ante los tribunales y el consiguiente esc\u00e1ndalo medi\u00e1tico que se organiz\u00f3 mientras \u00e9l se entregaba a su debut cinematogr\u00e1fico con sorpresa incluida. Ser\u00e1 a finales de mes cuando esta pel\u00edcula vea la luz y tal vez para entonces Revilla ya haya sido notificado, algo que no ha ocurrido hasta la fecha.<\/p>\n<p>WhatsApp<a href=\"https:\/\/api.whatsapp.com\/send?text=https:\/\/www.eleconomista.es\/informalia\/famosos\/noticias\/13569421\/09\/25\/paz-padilla-he-sufrido-por-mi-hija-con-todas-las-mentiras-que-se-dijeron-por-la-raspa-de-nuestra-marca.html?utm_source%3Dwhatsapp%26utm_medium%3Dshare_button&amp;id=1648118629957_whatsapp\" target=\"_blank\" data-action=\"share\/whatsapp\/share\" aria-label=\"Compartir en Whatsapp\" rel=\"nofollow noopener\"><\/a>Facebook<a id=\"fb-share\" href=\"#\" target=\"_blank\" rel=\"noopener noreferrer\" aria-label=\"Compartir en Facebook\"><\/a>Twitter<a href=\"https:\/\/twitter.com\/share?text=Paz+Padilla%3A+%22He+sufrido+por+mi+hija+con+todas+las+mentiras+que+se+dijeron+por+la+raspa+de+nuestra+marca%22&amp;url=https:\/\/www.eleconomista.es\/informalia\/famosos\/noticias\/13569421\/09\/25\/paz-padilla-he-sufrido-por-mi-hija-con-todas-las-mentiras-que-se-dijeron-por-la-raspa-de-nuestra-marca.html&amp;via=Informalia&amp;id=1648118839245_twitter\" target=\"_blank\" aria-label=\"Compartir en Twitter\" rel=\"nofollow noopener\"><\/a>Linkedin<a onclick=\"return abrirLinkedin();\" href=\"https:\/\/www.linkedin.com\/shareArticle?text=Paz+Padilla%3A+%22He+sufrido+por+mi+hija+con+todas+las+mentiras+que+se+dijeron+por+la+raspa+de+nuestra+marca%22&amp;url=https:\/\/www.eleconomista.es\/informalia\/famosos\/noticias\/13569421\/09\/25\/paz-padilla-he-sufrido-por-mi-hija-con-todas-las-mentiras-que-se-dijeron-por-la-raspa-de-nuestra-marca.html&amp;mini=true\" target=\"_blank\" aria-label=\"Compartir en linkedin\" rel=\"nofollow noopener\"><\/a>Beloud<a href=\"https:\/\/beloud.com\/share?text=Paz+Padilla%3A+%22He+sufrido+por+mi+hija+con+todas+las+mentiras+que+se+dijeron+por+la+raspa+de+nuestra+marca%22&amp;url=https:\/\/www.eleconomista.es\/informalia\/famosos\/noticias\/13569421\/09\/25\/paz-padilla-he-sufrido-por-mi-hija-con-todas-las-mentiras-que-se-dijeron-por-la-raspa-de-nuestra-marca.html&amp;via=Informalia&amp;id=1648118839245_beloud\" target=\"_blank\" aria-label=\"Compartir en beloud\" rel=\"nofollow noopener\"><\/a>Bluesky<a href=\"https:\/\/bsky.app\/intent\/compose?text=https:\/\/bsky.app\/intent\/compose?text=https:\/\/www.eleconomista.es\/informalia\/famosos\/noticias\/13569421\/09\/25\/paz-padilla-he-sufrido-por-mi-hija-con-todas-las-mentiras-que-se-dijeron-por-la-raspa-de-nuestra-marca.html&amp;url=https:\/\/www.eleconomista.es\/informalia\/famosos\/noticias\/13569421\/09\/25\/paz-padilla-he-sufrido-por-mi-hija-con-todas-las-mentiras-que-se-dijeron-por-la-raspa-de-nuestra-marca.html&amp;via=elEconomistaes&amp;id=1648118839245_bluesky\" target=\"_blank\" aria-label=\"Compartir en bluesky\" rel=\"nofollow noopener\"><\/a><\/p>\n<p><script async src=\"https:\/\/platform.twitter.com\/widgets.js\" charset=\"utf-8\"><\/script><\/p>\n","protected":false},"excerpt":{"rendered":"Con el pelo tirante y una elegante blusa de gasa en gris claro, la humorista Paz Padilla no&hellip;\n","protected":false},"author":2,"featured_media":156905,"comment_status":"","ping_status":"","sticky":false,"template":"","format":"standard","meta":{"footnotes":""},"categories":[174],"tags":[255,146,147,25,24,256,260,23],"class_list":{"0":"post-156904","1":"post","2":"type-post","3":"status-publish","4":"format-standard","5":"has-post-thumbnail","7":"category-famosos","8":"tag-celebrities","9":"tag-entertainment","10":"tag-entretenimiento","11":"tag-es","12":"tag-espana","13":"tag-famosos","14":"tag-gente","15":"tag-spain"},"share_on_mastodon":{"url":"","error":""},"_links":{"self":[{"href":"https:\/\/www.europesays.com\/es\/wp-json\/wp\/v2\/posts\/156904","targetHints":{"allow":["GET"]}}],"collection":[{"href":"https:\/\/www.europesays.com\/es\/wp-json\/wp\/v2\/posts"}],"about":[{"href":"https:\/\/www.europesays.com\/es\/wp-json\/wp\/v2\/types\/post"}],"author":[{"embeddable":true,"href":"https:\/\/www.europesays.com\/es\/wp-json\/wp\/v2\/users\/2"}],"replies":[{"embeddable":true,"href":"https:\/\/www.europesays.com\/es\/wp-json\/wp\/v2\/comments?post=156904"}],"version-history":[{"count":0,"href":"https:\/\/www.europesays.com\/es\/wp-json\/wp\/v2\/posts\/156904\/revisions"}],"wp:featuredmedia":[{"embeddable":true,"href":"https:\/\/www.europesays.com\/es\/wp-json\/wp\/v2\/media\/156905"}],"wp:attachment":[{"href":"https:\/\/www.europesays.com\/es\/wp-json\/wp\/v2\/media?parent=156904"}],"wp:term":[{"taxonomy":"category","embeddable":true,"href":"https:\/\/www.europesays.com\/es\/wp-json\/wp\/v2\/categories?post=156904"},{"taxonomy":"post_tag","embeddable":true,"href":"https:\/\/www.europesays.com\/es\/wp-json\/wp\/v2\/tags?post=156904"}],"curies":[{"name":"wp","href":"https:\/\/api.w.org\/{rel}","templated":true}]}}