{"id":156906,"date":"2025-10-04T18:45:19","date_gmt":"2025-10-04T18:45:19","guid":{"rendered":"https:\/\/www.europesays.com\/es\/156906\/"},"modified":"2025-10-04T18:45:19","modified_gmt":"2025-10-04T18:45:19","slug":"asi-contamos-el-deportivo-1-1-almeria-la-voz-de-galicia","status":"publish","type":"post","link":"https:\/\/www.europesays.com\/es\/156906\/","title":{"rendered":"As\u00ed contamos el Deportivo 1 &#8211; 1 Almer\u00eda &#8211; La Voz de Galicia"},"content":{"rendered":"<ol>\n<li><a href=\"https:\/\/news.google.com\/rss\/articles\/CBMivwFBVV95cUxPcHFCbW1pZjdnVXpUSzJYRWtiaFlMQlFpTjVYMWtzZmZhM0NVR0JSbTg3RmpQdGFFOHQ1UkxzM2ZlUGRtX2Yxb2lPUzV5QUpaeUVTT3h0M3dTaGxWYmp3VDl3ZGhJMDZqaUQxU0tITWlMNjZPTmdXYVFMYzRCWXRzVkI5bDV4XzJKSGpURVg5M1ZNQ1E4Z2RmV3l2dTNzdGlYdWVqNFU5ZWZENElIWmpDNjkxX1Rtc2I3bWRFdk1RMNIB2wFBVV95cUxQeXJyNEctdTlSbjJQWDFPcFVaSnlnd0F0RTB6TTJicTYxUVBLM0Q5elZOdUU5WnA5NEE1VjdDNnNxdkRnQk82dFdHOFZBYzkxUW9nSEFIbkFBRFVHZ1dTc01RQ1Z2aE5mcmhmRDNHdGZsZU9BTm9WMGlMU0FlOXBkcVBWbmVSRzVCX1hFY1dadUswbFctRmtSVDhUaXNQYjFhNDM5S2QxOWY1Wl9leERZczJDRk5YbWQ1TDBranBoNkh1dWFGWGd2aGRadmY1VXNmV3RWRE5PcmloRGs?oc=5\" target=\"_blank\" rel=\"nofollow noopener\">As\u00ed contamos el Deportivo 1 &#8211; 1 Almer\u00eda<\/a>&nbsp;&nbsp;La Voz de Galicia<\/li>\n<li><a href=\"https:\/\/news.google.com\/rss\/articles\/CBMimgFBVV95cUxOZ1lUakt3NzBoaGtRUVg1OEJRc05Eb1JsajBNclJZVm13OVAxQXV4NkZHR1VIeGdNalNMN1lFczRvVGFlczNITVplRy1qVjBmckZnMWxNZllERmhYN01JNUhobnhCQVdVMmpkdXlnNGtMTFdRM2lmWkE0SU1PdFBWYTNHZGh1dnAxYkRqSnhUdFRTR3dBbjRTN29n0gGuAUFVX3lxTE9lb0NpVmVFLTFBZ1ZrTGFhc1Q3N2l4NmVyejNVb0JfTXRreGRDdGFQS1dRcTlWUGRNVEVodm9OQlpXejNPWHdvR2kwejlHVklxS3J1b3dOR0dYUzZVLWljcm1JRHhKQ3I5ZmdpbnVIenl3UHQ3TURRZWwwMzFQOTFEcExTbFFxV3VVblc4YnFpZGZxTTk5Q1FzNmY1QnF2aWIwdDlTeDJ5TzAxSWE0Zw?oc=5\" target=\"_blank\" rel=\"nofollow noopener\">Deportivo 1 &#8211; Almer\u00eda 1: resumen, goles y resultado del partido de LaLiga Hypermotion<\/a>&nbsp;&nbsp;Diario AS<\/li>\n<li><a href=\"https:\/\/news.google.com\/rss\/articles\/CBMizwFBVV95cUxPMjdSSmRtdHZqS2JkQVBpZTFPd2FfalZFM2VXalpFOXBMQjN6V2dzYzdGdkdvR3ZiYlh5OFp1VjU1TGM1VmxoT2RDaGRRdXFVRFg5ck00dmE0dF9HTnVyX2VwaFc3OHBidHRzYS1jTkVWYmRBT2cyOEVMUlFTMUZFU0ZJM1dYQ0lBY0ZCTUNwa0haT2l1WHFiZVdFSE55M0xxMXVOQVllVWk4cFJnaFpIV3lnODV2VXdaZ0ZzSk1hYnFmTGVrVW9lRjJ4Q2syU1k?oc=5\" target=\"_blank\" rel=\"nofollow noopener\">Yeremay sostiene al Deportivo ante el Almer\u00eda: 1-1<\/a>&nbsp;&nbsp;La Voz de Galicia<\/li>\n<li><a href=\"https:\/\/news.google.com\/rss\/articles\/CBMiwwFBVV95cUxPT3JKMnJJeXUzQVpKRjYwTEpka3ZTaTNJZjhZalNiUUZZcGE5UGp2MUROU25VbmUwMVN5a0lnY2luVGZVSHBTWE5MejlxMGk1cjlHdk9PY05WNGRhanNVZkVPUDlRY0hGeENWOGt1VDhJc2xPN3VUcTNKTVU2SVRvbUtBWURSLUZfZTk1Tkk4MXltZWRZbGhtWGNkRy1tajJZM0F0WlBYcVhYMnRoc0U4ZlJGeWpnVDMtSGtjMGxaaVVUeHM?oc=5\" target=\"_blank\" rel=\"nofollow noopener\">Deportivo &#8211; Almer\u00eda en directo<\/a>&nbsp;&nbsp;El Mundo<\/li>\n<li><a href=\"https:\/\/news.google.com\/rss\/articles\/CBMivAFBVV95cUxQM3BpYUcwanlyelEtZ3NWN1NLNGQySk9YbE0xRkQ2SXVPSllCdEQzUmx0ZGttUm9wYVdQU0RaWTZZdjY3Q1FyOFM0UlY2RkFJSzdHbnVoOG5FM2xVVDJyR0hhc2NZektNZDUzOTJJd0IwdFRxVGloa0g5UjBtRXhkbnIwU2FjOTZ3M0hMZjZOTWdBUDByUk9YUWgxY2hXMmdCeGFqQkgwYkFxMWpZZTdjVEc2NGh6LWJGTUh3UtIB0AFBVV95cUxQbC05YTFLLThHcjNCeGJtMF9BdWx4UFZ2WW5xSkcxNFUwbURtdXFEVmw1VWhvS09OQVF5dTJrM000LXJLQnJGM1NUYXJBbFNYcFR2TWNSYnMxTGpzY3VXYXRCaHBScVdaMUxxT3pneDBEZEJOSnhXZzNwNU1mTG1uOU04ZFE3dF9JblBIYVNTcm41dE12NUhUYmF1ZWxWVXRYQVF2UElFWUpJUmNVNGM0ZWI1bVozYkxwOG1HdGJHWmFKTkw4TXd5ZlIzQ2E0OXpk?oc=5\" target=\"_blank\" rel=\"nofollow noopener\">Posible alineaci\u00f3n del Almer\u00eda: Rubi tiene dos dudas en la cabeza<\/a>&nbsp;&nbsp;Cadena SER<\/li>\n<\/ol>\n","protected":false},"excerpt":{"rendered":"As\u00ed contamos el Deportivo 1 &#8211; 1 Almer\u00eda&nbsp;&nbsp;La Voz de Galicia Deportivo 1 &#8211; Almer\u00eda 1: resumen, goles&hellip;\n","protected":false},"author":2,"featured_media":156907,"comment_status":"","ping_status":"","sticky":false,"template":"","format":"standard","meta":{"footnotes":""},"categories":[93],"tags":[168,412,25,24,23,167,4660],"class_list":{"0":"post-156906","1":"post","2":"type-post","3":"status-publish","4":"format-standard","5":"has-post-thumbnail","7":"category-deportes","8":"tag-deportes","9":"tag-deportivo","10":"tag-es","11":"tag-espana","12":"tag-spain","13":"tag-sports","14":"tag-ud-almeria"},"share_on_mastodon":{"url":"","error":""},"_links":{"self":[{"href":"https:\/\/www.europesays.com\/es\/wp-json\/wp\/v2\/posts\/156906","targetHints":{"allow":["GET"]}}],"collection":[{"href":"https:\/\/www.europesays.com\/es\/wp-json\/wp\/v2\/posts"}],"about":[{"href":"https:\/\/www.europesays.com\/es\/wp-json\/wp\/v2\/types\/post"}],"author":[{"embeddable":true,"href":"https:\/\/www.europesays.com\/es\/wp-json\/wp\/v2\/users\/2"}],"replies":[{"embeddable":true,"href":"https:\/\/www.europesays.com\/es\/wp-json\/wp\/v2\/comments?post=156906"}],"version-history":[{"count":0,"href":"https:\/\/www.europesays.com\/es\/wp-json\/wp\/v2\/posts\/156906\/revisions"}],"wp:featuredmedia":[{"embeddable":true,"href":"https:\/\/www.europesays.com\/es\/wp-json\/wp\/v2\/media\/156907"}],"wp:attachment":[{"href":"https:\/\/www.europesays.com\/es\/wp-json\/wp\/v2\/media?parent=156906"}],"wp:term":[{"taxonomy":"category","embeddable":true,"href":"https:\/\/www.europesays.com\/es\/wp-json\/wp\/v2\/categories?post=156906"},{"taxonomy":"post_tag","embeddable":true,"href":"https:\/\/www.europesays.com\/es\/wp-json\/wp\/v2\/tags?post=156906"}],"curies":[{"name":"wp","href":"https:\/\/api.w.org\/{rel}","templated":true}]}}