{"id":156908,"date":"2025-10-04T18:46:10","date_gmt":"2025-10-04T18:46:10","guid":{"rendered":"https:\/\/www.europesays.com\/es\/156908\/"},"modified":"2025-10-04T18:46:10","modified_gmt":"2025-10-04T18:46:10","slug":"que-es-sintomas-y-tratamiento","status":"publish","type":"post","link":"https:\/\/www.europesays.com\/es\/156908\/","title":{"rendered":"qu\u00e9 es, s\u00edntomas y tratamiento"},"content":{"rendered":"<p class=\"ft-text\">La <strong>hepatitis C<\/strong> es una enfermedad que afecta al <a class=\"ft-link ft-link--decoration\" href=\"https:\/\/www.superdeporte.es\/tags\/higado\/\" target=\"_blank\" rel=\"nofollow noopener\">h\u00edgado<\/a> y que est\u00e1 causada por el virus del mismo nombre (<strong>VHC<\/strong>). Un virus que se transmite a trav\u00e9s de sangre infectada o de productos derivados de ella, adem\u00e1s de por v\u00eda sexual si se tienen conductas de riesgo.<\/p>\n<p class=\"ft-text\">Se calcula que <strong>unos 70 millones de personas de todo el mundo est\u00e1n infectadas<\/strong> por el virus de la hepatitis C (VHC).<\/p>\n<p class=\"ft-text\">En nuestro pa\u00eds, antes de la generalizaci\u00f3n de los novedosos tratamientos, un 1% de la poblaci\u00f3n, unas 475.000 personas, ten\u00edan el <a class=\"ft-link ft-link--decoration\" href=\"https:\/\/www.superdeporte.es\/tags\/virus\/\" target=\"_blank\" rel=\"nofollow noopener\">virus<\/a>. Ahora se calcula que se ha conseguido reducir a un 0\u20193%, unas 140.000 personas.<\/p>\n<p>Qu\u00e9 es la hepatitis C, y sus s\u00edntomas<\/p>\n<p class=\"ft-text\">Hablamos de una infecci\u00f3n v\u00edrica que causa inflamaci\u00f3n del h\u00edgado y que puede llegar a provocar un da\u00f1o hep\u00e1tico grave. La transmisi\u00f3n de este virus se produce a trav\u00e9s de sangre contaminada o de productos derivados de ella, adem\u00e1s de por v\u00eda sexual si se tienen conductas de riesgo.<\/p>\n<p class=\"ft-text\">Afortunadamente, el <strong>n\u00famero de casos ha ido disminuyendo en las \u00faltimas d\u00e9cadas <\/strong>gracias al \u00abdiagn\u00f3stico del VHC en los bancos de sangre, la extensi\u00f3n de los programas de reducci\u00f3n de da\u00f1os entre las personas que se inyectan drogas y la generalizaci\u00f3n del uso de material m\u00e9dico desechabl\u00bb\u00bb, explican desde la <strong>Alianza para la Eliminaci\u00f3n de Hepatitis V\u00edricas en Espa\u00f1a<\/strong> (AEHVE).<\/p>\n<p class=\"ft-text\">Una vez que se produce la <a class=\"ft-link ft-link--decoration\" href=\"https:\/\/www.superdeporte.es\/tags\/infecciosas\/\" target=\"_blank\" rel=\"nofollow noopener\">infecci\u00f3n<\/a>, el periodo de incubaci\u00f3n de la enfermedad puede variar entre 2 semanas y 6 meses.<\/p>\n<p class=\"ft-text\">Y aunque seg\u00fan los expertos el 80% de los casos cursan de forma asintom\u00e1tica, las principales se\u00f1ales de la infecci\u00f3n son:<\/p>\n<ul class=\"ft-list ft-list--primary\" data-aida-text=\"\">\n<li class=\"ft-list__item\">Cansancio<\/li>\n<li class=\"ft-list__item\">Falta de apetito<\/li>\n<li class=\"ft-list__item\">N\u00e1useas y v\u00f3mitos<\/li>\n<li class=\"ft-list__item\">Dolor abdominal<\/li>\n<li class=\"ft-list__item\">Orina de color oscuro<\/li>\n<li class=\"ft-list__item\">Heces claras<\/li>\n<li class=\"ft-list__item\">Dolor articular<\/li>\n<li class=\"ft-list__item\">La piel y los ojos adquieren un color amarillento (<a class=\"ft-link ft-link--decoration\" href=\"https:\/\/www.superdeporte.es\/salud\/guia\/lengua-enfermedades-tienes-color-acudir-medico-91254864.html\" target=\"_blank\" rel=\"nofollow noopener\">ictericia<\/a>)<\/li>\n<\/ul>\n<p class=\"ft-text\">Entre el 15 y el 50% de los pacientes que pasan la infecci\u00f3n de forma sintom\u00e1tica, esta se cura de forma espont\u00e1nea. Pero el resto de afectados sufrir\u00e1n la hepatitis de forma cr\u00f3nica.<\/p>\n<p>A qui\u00e9n afecta la hepatitis C<\/p>\n<p class=\"ft-text\">En Espa\u00f1a la poblaci\u00f3n afectada se compone fundamentalmente de receptores de productos sangu\u00edneos o pacientes con trasplantes de \u00f3rganos anteriores al a\u00f1o 1992.<\/p>\n<p class=\"ft-text\">Tambi\u00e9n constituyen un parte importante de los afectados por la hepatitis C los consumidores de drogas inyectables.<\/p>\n<p class=\"ft-text\">Y entre unos y otros, la realidad es que el VHC era la causa m\u00e1s frecuente de <a class=\"ft-link ft-link--decoration\" href=\"https:\/\/buscandorespuestas.lne.es\/salud\/ensayos-clinicos-con-trasplantes-fecales\/\" rel=\"nofollow noopener\" target=\"_blank\">enfermedad hep\u00e1tica cr\u00f3nica<\/a> y de indicaci\u00f3n de trasplante de h\u00edgado en nuestro pa\u00eds.<\/p>\n<p>F\u00e1rmacos revolucionarios<\/p>\n<p class=\"ft-text\">Pero esta situaci\u00f3n est\u00e1 cambiando gracias a la generalizaci\u00f3n de los tratamientos antivirales orales de acci\u00f3n directa.<\/p>\n<ul class=\"ft-list ft-list--primary\" data-aida-text=\"\">\n<li class=\"ft-list__item\">F\u00e1rmacos de alta potencia<\/li>\n<li class=\"ft-list__item\">Excelente perfil de seguridad<\/li>\n<li class=\"ft-list__item\">Con una eficacia del 99%<\/li>\n<li class=\"ft-list__item\">Muy pocos efectos adversos<\/li>\n<li class=\"ft-list__item\">Son f\u00e1ciles de tomar.<\/li>\n<\/ul>\n<p class=\"ft-text\">Unos tratamientos que, como prueba un estudio publicado en <a class=\"ft-link ft-link--decoration\" href=\"https:\/\/www.journal-of-hepatology.eu\/\" target=\"_blank\" rel=\"nofollow noopener\">Journal of Hepatology<\/a>, revolucionan el futuro de la enfermedad.<\/p>\n<p>20.000 personas con hepatitis C que a\u00fan no lo saben<\/p>\n<p class=\"ft-text\">La propia OMS va m\u00e1s all\u00e1 en su \u00faltima actualizaci\u00f3n de las estrategias globales necesarias para acelerar la eliminaci\u00f3n de la hepatitis C en el mundo, recomendando el cribado para la poblaci\u00f3n general en esas edades. \u201dCada persona con un diagn\u00f3stico tard\u00edo (los s\u00edntomas de la hepatitis C son inespec\u00edficos y la enfermedad puede tardar hasta 20 a\u00f1os en manifestarse) generar\u00e1 una gran carga de enfermedad -cirrosis y c\u00e1ncer de h\u00edgado, entre otros- para el sistema sanitario\u201d, explica la <strong>doctora Marta Casado<\/strong>, presidenta de la Fundaci\u00f3n Espa\u00f1ola del Aparato Digestivo (FEAD), para quien \u201cla incorporaci\u00f3n de la IA y de estrategias diagn\u00f3sticas como la agrupaci\u00f3n de muestras o pooling, como est\u00e1 haciendo Galicia con excelentes resultados, permitir\u00eda hacer un cribado por edad en la poblaci\u00f3n general completamente asumible\u201d. Se estima que en nuestro pa\u00eds quedan a\u00fan 20.000 personas con hepatitis C que desconocen que tienen la infecci\u00f3n.<\/p>\n<p class=\"ft-text\">En Espa\u00f1a, desde la implementaci\u00f3n en 2015 del Plan Estrat\u00e9gico para el Abordaje de la Hepatitis C se han tratado m\u00e1s de 130.000 pacientes (datos hasta 2019).<\/p>\n<ul class=\"ft-list ft-list--primary\" data-aida-text=\"\">\n<li class=\"ft-list__item\">De 2015 en 2016, el tratamiento se restringi\u00f3 a pacientes con cirrosis, o con fibrosis avanzada, permitiendo el tratamiento de gran parte de los pacientes con cirrosis.<\/li>\n<li class=\"ft-list__item\">Posteriormente, en 2017, se aprob\u00f3 el tratamiento universal.<\/li>\n<\/ul>\n<p><img decoding=\"async\" src=\"https:\/\/www.europesays.com\/es\/wp-content\/uploads\/2025\/10\/6c0559a1-4447-4146-a544-d7b0f7e6b0ba_alta-libre-aspect-ratio_default_0.jpg\" width=\"1200\" height=\"675\" alt=\"D\u00eda Mundial contra la Hepatitis V\u00edrica: el tratamiento que conseguir\u00e1 reducir al m\u00ednimo las complicaciones de esta infecci\u00f3n\" class=\"ft-helper-img-rd\" loading=\"lazy\" hasdataaida=\"true\"\/><\/p>\n<p class=\"ft-helper-fontColor-quaternary ft-helper-fontSize-body-S ft-helper-spacer-t-xxs\">D\u00eda Mundial contra la Hepatitis V\u00edrica: el tratamiento que conseguir\u00e1 reducir al m\u00ednimo las complicaciones de esta infecci\u00f3n <\/p>\n<p>Una pastilla al d\u00eda<\/p>\n<p class=\"ft-text\">Los f\u00e1rmacos <strong>impiden que el virus se multiplique e infecte nuevas c\u00e9lulas<\/strong>. Los principios activos act\u00faan de manera conjunta y bloquean las diferentes prote\u00ednas que el virus necesita para crecer y reproducirse, lo que permite eliminar la infecci\u00f3n de forma permanente del organismo.<\/p>\n<p class=\"ft-text\">Son medicamentos que se toman por v\u00eda oral (pastillas) una vez al d\u00eda, con muy pocos efectos adversos y de duraci\u00f3n corta (8-12 semanas).<\/p>\n<p class=\"ft-text\">Hay varias combinaciones y las dos m\u00e1s usadas son: glecaprevir \u2013 pibrentasvir y sofosbuvir \u2013 velpatasvir.<\/p>\n<p class=\"ft-text\">En cuanto a las otras causad de esta patolog\u00eda, seg\u00fan el estudio el alcohol ha pasado a ser la primera causa de ingreso en las unidades de hepatolog\u00eda, en sustituci\u00f3n de la <strong>hepatitis C.<\/strong><\/p>\n<p class=\"ft-text\">Adem\u00e1s, los autores reportan un aumento significativo en el n\u00famero de ingresos por cirrosis por h\u00edgado graso (asociado a la <a class=\"ft-link ft-link--decoration\" href=\"https:\/\/buscandorespuestas.lne.es\/salud\/andaluces-y-gallegos-presentan-las-mayores-tasas-de-obesidad-de-espana\/\" rel=\"nofollow noopener\" target=\"_blank\">obesidad<\/a>) y cirrosis autoinmune en los \u00faltimos a\u00f1os.<\/p>\n<p class=\"ft-text\">Los resultados de este estudio ponen en valor <strong>el esfuerzo que ha supuesto la introducci\u00f3n de los antivirales de acci\u00f3n directa para el tratamiento de la hepatitis C<\/strong> y recalcan la importancia de implementar pol\u00edticas que consigan la eliminaci\u00f3n de esta enfermedad.<\/p>\n","protected":false},"excerpt":{"rendered":"La hepatitis C es una enfermedad que afecta al h\u00edgado y que est\u00e1 causada por el virus del&hellip;\n","protected":false},"author":2,"featured_media":156909,"comment_status":"","ping_status":"","sticky":false,"template":"","format":"standard","meta":{"footnotes":""},"categories":[92],"tags":[25,24,165,6297,6550,166,23,46890],"class_list":{"0":"post-156908","1":"post","2":"type-post","3":"status-publish","4":"format-standard","5":"has-post-thumbnail","7":"category-salud","8":"tag-es","9":"tag-espana","10":"tag-health","11":"tag-hepatitis","12":"tag-higado","13":"tag-salud","14":"tag-spain","15":"tag-virus-vhc"},"share_on_mastodon":{"url":"","error":""},"_links":{"self":[{"href":"https:\/\/www.europesays.com\/es\/wp-json\/wp\/v2\/posts\/156908","targetHints":{"allow":["GET"]}}],"collection":[{"href":"https:\/\/www.europesays.com\/es\/wp-json\/wp\/v2\/posts"}],"about":[{"href":"https:\/\/www.europesays.com\/es\/wp-json\/wp\/v2\/types\/post"}],"author":[{"embeddable":true,"href":"https:\/\/www.europesays.com\/es\/wp-json\/wp\/v2\/users\/2"}],"replies":[{"embeddable":true,"href":"https:\/\/www.europesays.com\/es\/wp-json\/wp\/v2\/comments?post=156908"}],"version-history":[{"count":0,"href":"https:\/\/www.europesays.com\/es\/wp-json\/wp\/v2\/posts\/156908\/revisions"}],"wp:featuredmedia":[{"embeddable":true,"href":"https:\/\/www.europesays.com\/es\/wp-json\/wp\/v2\/media\/156909"}],"wp:attachment":[{"href":"https:\/\/www.europesays.com\/es\/wp-json\/wp\/v2\/media?parent=156908"}],"wp:term":[{"taxonomy":"category","embeddable":true,"href":"https:\/\/www.europesays.com\/es\/wp-json\/wp\/v2\/categories?post=156908"},{"taxonomy":"post_tag","embeddable":true,"href":"https:\/\/www.europesays.com\/es\/wp-json\/wp\/v2\/tags?post=156908"}],"curies":[{"name":"wp","href":"https:\/\/api.w.org\/{rel}","templated":true}]}}