{"id":156915,"date":"2025-10-04T18:50:09","date_gmt":"2025-10-04T18:50:09","guid":{"rendered":"https:\/\/www.europesays.com\/es\/156915\/"},"modified":"2025-10-04T18:50:09","modified_gmt":"2025-10-04T18:50:09","slug":"el-euroesceptico-babis-vence-con-holgura-las-elecciones-legislativas-de-republica-checa","status":"publish","type":"post","link":"https:\/\/www.europesays.com\/es\/156915\/","title":{"rendered":"El euroesc\u00e9ptico Babis vence con holgura las elecciones legislativas de Rep\u00fablica Checa"},"content":{"rendered":"<p class=\"article-text\">\n        El movimiento de Ciudadanos Descontentos (ANO), del populista Andrej Babis, gana con claridad las elecciones legislativas celebradas en la Rep\u00fablica Checa este viernes y s\u00e1bado, con alrededor del 35% de los votos, por delante de la gobernante coalici\u00f3n Spolu (Juntos) del primer ministro, Petr Fiala, con casi el 23%.\n    <\/p>\n<p>    <a href=\"https:\/\/www.eldiario.es\/internacional\/theguardian\/eslovaquia-sigue-estela-anti-lgtbi-hungria-orban-gente-asustada-ansiosa_1_12647516.html\" data-mrf-recirculation=\"saber-mas\" data-dl-event=\"saber-mas\" rel=\"nofollow noopener\" target=\"_blank\"><\/p>\n<p class=\"know-more__title\">Eslovaquia sigue la estela anti-LGTBI de la Hungr\u00eda de Orb\u00e1n: \u00abLa gente est\u00e1 asustada y ansiosa\u00bb<\/p>\n<p>            <img decoding=\"async\" class=\"lazy\" loading=\"lazy\" data-src=\"https:\/\/static.eldiario.es\/clip\/fe8b4966-eb0f-48d3-96a4-85d434574abd_16-9-aspect-ratio_default_0.jpg\" src=\"data:image\/svg+xml,%3Csvg xmlns=\" http:=\"\" viewbox=\"0 0 880 495\" alt=\"Eslovaquia sigue la estela anti-LGTBI de la Hungr\u00eda de Orb\u00e1n: &quot;La gente est\u00e1 asustada y ansiosa&quot;\"\/><\/p>\n<p>                        <\/a><\/p>\n<p class=\"article-text\">\n        Con m\u00e1s del 97% de las papeletas escrutadas, el partido del magnate y exprimer ministro Babis obtiene el 35,08% de los votos y 85 de los 200 esca\u00f1os en el Parlamento, frente al 22,95% y 50 diputados de la alianza de centro liberal del jefe de Gobierno en funciones, indica la televisi\u00f3n p\u00fablica CT24.\n    <\/p>\n<p class=\"article-text\">\n        Tercero es, seg\u00fan este recuento, el partido de los Alcaldes (Stan), socios en el actual gobierno, con el 11% y 20 esca\u00f1os, mientras que partido prorruos y xen\u00f3fobo SPD est\u00e1 virtualmente empatado con el partido liberal Los Piratas. Mientras que los piratas han obtenido un 9% de los votos, el SPD, liderado por el checo-japon\u00e9s Tomio Okamura, ha logrado el 7,88%, aunque ambos tendr\u00e1n 16 esca\u00f1os en el pr\u00f3ximo Parlamento.\n    <\/p>\n<p class=\"article-text\">\n        El sexto partido en superar el umbral m\u00ednimo del 5% para entrar en la C\u00e1mara es el antisistema &#8216;Motoriste&#8217; (Motoristas), con el 7% y 13 esca\u00f1os, con lo que se quedar\u00eda corto para darle a Babis una mayor\u00eda (de 101 sobre 200 parlamentarios) en la C\u00e1mara.\n    <\/p>\n<p class=\"article-text\">\n        Con este resultado, Babis podr\u00eda formar un gobierno con el respaldo del SPD, y con ello virar la pol\u00edtica exterior y de seguridad a posiciones menos europe\u00edsta y m\u00e1s cr\u00edticas frente a Ucrania.\n    <\/p>\n<p>    El ex primer ministro multimillonario<\/p>\n<p class=\"article-text\">\n        Babis, uno de los hombres m\u00e1s ricos del pa\u00eds con una fortuna milmillonaria, fue primer ministro entre 2017 y 2021, una gesti\u00f3n marcada por varios esc\u00e1ndalos por supuesto fraude por el cobro de subsidios para su conglomerado agroindustrial &#8216;Agrofert&#8217;, que a\u00fan no est\u00e1n resuelto.\n    <\/p>\n<p class=\"article-text\">\n        Si bien no est\u00e1 considerado como prorruso, la campa\u00f1a del empresario de 71 a\u00f1os estuvo marcada por la propuesta de cortar las ayudas a Ucrania para centrarse m\u00e1s en las necesidades de los ciudadanos checos, que sufrieron bajo una fuerte subida de los precios y recortes presupuestarios bajo el Gobierno de Fiala.\u00a0\n    <\/p>\n<p class=\"article-text\">\n        Cuatro a\u00f1os despu\u00e9s de ser derrotado ante una coalici\u00f3n de dif\u00edcil gesti\u00f3n formada para luchar contra \u00e9l, el partido Acci\u00f3n de Ciudadanos Insatisfechos del multimillonario y ex primer ministro conocido como <a href=\"https:\/\/www.eldiario.es\/internacional\/theguardian\/lider-anti-ue-republica-checa-vota-elecciones-cruciales-dominadas-multimillonario-estilo-trump_1_12652402.html\" target=\"_blank\" data-mrf-recirculation=\"links-noticia\" class=\"link\" rel=\"nofollow noopener\">el \u2018Trump checo\u2019 <\/a>parece tener asegurado el primer puesto.\n    <\/p>\n<p class=\"article-text\">\n        Esta votaci\u00f3n es seguida con gran inter\u00e9s desde Bruselas. La Uni\u00f3n Europea contempla con nerviosismo la posibilidad de tener en Europa Central a un tercer agitador antieurope\u00edsta, junto con Hungr\u00eda y\u00a0<a href=\"https:\/\/www.eldiario.es\/internacional\/theguardian\/eslovaquia-sigue-estela-anti-lgtbi-hungria-orban-gente-asustada-ansiosa_1_12647516.html\" target=\"_blank\" data-mrf-recirculation=\"links-noticia\" class=\"link\" rel=\"nofollow noopener\">Eslovaquia<\/a>, con las posibles implicaciones que eso tendr\u00eda para el apoyo del bloque a Ucrania.\n    <\/p>\n<p>    <a href=\"https:\/\/www.eldiario.es\/internacional\/theguardian\/lider-anti-ue-republica-checa-vota-elecciones-cruciales-dominadas-multimillonario-estilo-trump_1_12652402.html\" data-mrf-recirculation=\"saber-mas-abajo\" data-dl-event=\"saber-mas-abajo\" rel=\"nofollow noopener\" target=\"_blank\"><\/p>\n<p class=\"know-more__title\">\u00bfOtro l\u00edder anti-UE? Rep\u00fablica Checa vota en unas elecciones cruciales dominadas por un multimillonario al estilo Trump\n<\/p>\n<p>            <img decoding=\"async\" class=\"lazy\" loading=\"lazy\" data-src=\"https:\/\/static.eldiario.es\/clip\/0d281ab0-a8f4-40e2-9e1d-d2841dab4786_16-9-aspect-ratio_default_0.jpg\" src=\"data:image\/svg+xml,%3Csvg xmlns=\" http:=\"\" viewbox=\"0 0 880 495\" alt=\"\u00bfOtro l\u00edder anti-UE? Rep\u00fablica Checa vota en unas elecciones cruciales dominadas por un multimillonario al estilo Trump\"\/><\/p>\n<p>                        <\/a><\/p>\n<p class=\"article-text\">\n        El partido ANO, por las siglas en checo del partido de Babis (la palabra significa \u2018s\u00ed\u2019 en checo) forma parte del grupo de nacionalistas Patriotas por Europa liderado por Viktor Orb\u00e1n. Tras ganar las elecciones regionales y las europeas en 2024, ANO va camino de obtener m\u00e1s del 36% de los votos en los comicios.\n    <\/p>\n","protected":false},"excerpt":{"rendered":"El movimiento de Ciudadanos Descontentos (ANO), del populista Andrej Babis, gana con claridad las elecciones legislativas celebradas en&hellip;\n","protected":false},"author":2,"featured_media":156916,"comment_status":"","ping_status":"","sticky":false,"template":"","format":"standard","meta":{"footnotes":""},"categories":[42],"tags":[7200,46892,17,18,13373,4374,46891,13,14,11,61,62,63,64,19,20,46893,9,10,15,16,15600,12,21,22,65,66,67],"class_list":{"0":"post-156915","1":"post","2":"type-post","3":"status-publish","4":"format-standard","5":"has-post-thumbnail","7":"category-internacional","8":"tag-arrasa","9":"tag-babis","10":"tag-breaking-news","11":"tag-breakingnews","12":"tag-checa","13":"tag-elecciones","14":"tag-euroesceptico","15":"tag-featured-news","16":"tag-featurednews","17":"tag-headlines","18":"tag-internacional","19":"tag-international","20":"tag-international-news","21":"tag-internationalnews","22":"tag-latest-news","23":"tag-latestnews","24":"tag-legislativas","25":"tag-news","26":"tag-noticias","27":"tag-noticias-destacadas","28":"tag-noticiasdestacadas","29":"tag-republica","30":"tag-titulares","31":"tag-ultimas-noticias","32":"tag-ultimasnoticias","33":"tag-world","34":"tag-world-news","35":"tag-worldnews"},"share_on_mastodon":{"url":"","error":""},"_links":{"self":[{"href":"https:\/\/www.europesays.com\/es\/wp-json\/wp\/v2\/posts\/156915","targetHints":{"allow":["GET"]}}],"collection":[{"href":"https:\/\/www.europesays.com\/es\/wp-json\/wp\/v2\/posts"}],"about":[{"href":"https:\/\/www.europesays.com\/es\/wp-json\/wp\/v2\/types\/post"}],"author":[{"embeddable":true,"href":"https:\/\/www.europesays.com\/es\/wp-json\/wp\/v2\/users\/2"}],"replies":[{"embeddable":true,"href":"https:\/\/www.europesays.com\/es\/wp-json\/wp\/v2\/comments?post=156915"}],"version-history":[{"count":0,"href":"https:\/\/www.europesays.com\/es\/wp-json\/wp\/v2\/posts\/156915\/revisions"}],"wp:featuredmedia":[{"embeddable":true,"href":"https:\/\/www.europesays.com\/es\/wp-json\/wp\/v2\/media\/156916"}],"wp:attachment":[{"href":"https:\/\/www.europesays.com\/es\/wp-json\/wp\/v2\/media?parent=156915"}],"wp:term":[{"taxonomy":"category","embeddable":true,"href":"https:\/\/www.europesays.com\/es\/wp-json\/wp\/v2\/categories?post=156915"},{"taxonomy":"post_tag","embeddable":true,"href":"https:\/\/www.europesays.com\/es\/wp-json\/wp\/v2\/tags?post=156915"}],"curies":[{"name":"wp","href":"https:\/\/api.w.org\/{rel}","templated":true}]}}