{"id":156917,"date":"2025-10-04T18:51:08","date_gmt":"2025-10-04T18:51:08","guid":{"rendered":"https:\/\/www.europesays.com\/es\/156917\/"},"modified":"2025-10-04T18:51:08","modified_gmt":"2025-10-04T18:51:08","slug":"el-psoe-desmiente-el-fallecimiento-de-guillermo-fernandez-vara-aunque-informa-de-que-se-encuentra-muy-fragil-2","status":"publish","type":"post","link":"https:\/\/www.europesays.com\/es\/156917\/","title":{"rendered":"El PSOE desmiente el fallecimiento de Guillermo Fern\u00e1ndez Vara, aunque informa de que se encuentra \u00abmuy fr\u00e1gil\u00bb"},"content":{"rendered":"<p>04\/10\/2025<br \/>\n<br \/><strong><br \/>\nActualizado a las 18:25h.<br \/>\n<\/strong><\/p>\n<p class=\"voc-save-news__paragraph\">Esta funcionalidad es s\u00f3lo para suscriptores<\/p>\n<p><a href=\"https:\/\/secure.abc.es\/suscripcion#vca=suscribete&amp;vso=abc&amp;vmc=on&amp;vli=comentarios-btn-flujo\" data-voc-vtm-id=\"comienzoSuscripcionON\" data-voc-vtm-info=\"btncomentar\" class=\"voc-btn voc-btn--w voc-btn--xs voc-save-news__btn\" rel=\"nofollow noopener\" target=\"_blank\"><br \/>\nSuscribete<br \/>\n<\/a><\/p>\n<p class=\"voc-p\" style=\"\">El PSOE de Extremadura ha desmentido el fallecimiento de Guillermo Fern\u00e1ndez Vara, del que se hab\u00eda echo eco la presidenta de la Junta, Mar\u00eda Guardiola, tras publicarse en varios medios regionales. La l\u00edder extreme\u00f1a borr\u00f3 posteriormente su publicacion de p\u00e9same. <\/p>\n<p class=\"voc-p\" style=\"\">\u00abDesde el PSOE de Extremadura desmentimos categ\u00f3ricamente el fallecimiento de Guillermo Fern\u00e1ndez Vara. El expresidente se encuentra en una situaci\u00f3n de salud muy fr\u00e1gil. Pedimos prudencia, respeto y agradecemos las muestras de cari\u00f1o y apoyo.\u00bb<\/p>\n<blockquote class=\"twitter-tweet\">\n<p lang=\"es\" dir=\"ltr\">\ud83d\udd34 COMUNICADO OFICIAL | Desde el PSOE de Extremadura desmentimos categ\u00f3ricamente el fallecimiento de Guillermo Fern\u00e1ndez Vara.<\/p>\n<p>El expresidente se encuentra en una situaci\u00f3n de salud muy fr\u00e1gil. Pedimos prudencia, respeto y agradecemos las muestras de cari\u00f1o y apoyo.<\/p>\n<p>\u2014 PSOE de Extremadura \/\u2764\ufe0f (@psoeex) <a href=\"https:\/\/twitter.com\/psoeex\/status\/1974491171058544940?ref_src=twsrc%5Etfw\" rel=\"nofollow noopener\" target=\"_blank\">October 4, 2025<\/a><\/p><\/blockquote>\n<p class=\"voc-p\" style=\"\">Con estas palabras se desment\u00eda la muerte Fern\u00e1ndez Vara, pero destacan que su estado de salud es \u00abmuy fr\u00e1gil\u00bb.<\/p>\n<p class=\"voc-p\" style=\"\">El expresidente extreme\u00f1o, que tiene 66 a\u00f1os, sufre de un c\u00e1ncer de est\u00f3mago desde hace dos a\u00f1os. Hace una semana tuvo que ser ingresado en el Hospital Universitario de Badajoz a causa de una infecci\u00f3n. <\/p>\n<p>Reportar un error<\/p>\n<p class=\"voc-save-news__paragraph\">Esta funcionalidad es s\u00f3lo para suscriptores<\/p>\n<p><a href=\"https:\/\/secure.abc.es\/suscripcion#vca=suscribete&amp;vso=abc&amp;vmc=on&amp;vli=comentarios-btn-flujo\" data-voc-vtm-id=\"comienzoSuscripcionON\" data-voc-vtm-info=\"btncomentar\" class=\"voc-btn voc-btn--w voc-btn--xs voc-save-news__btn\" rel=\"nofollow noopener\" target=\"_blank\"><br \/>\nSuscribete<br \/>\n<\/a><\/p>\n<p><script async src=\"https:\/\/platform.twitter.com\/widgets.js\" charset=\"utf-8\"><\/script><\/p>\n","protected":false},"excerpt":{"rendered":"04\/10\/2025 Actualizado a las 18:25h. Esta funcionalidad es s\u00f3lo para suscriptores Suscribete El PSOE de Extremadura ha desmentido&hellip;\n","protected":false},"author":2,"featured_media":144694,"comment_status":"","ping_status":"","sticky":false,"template":"","format":"standard","meta":{"footnotes":""},"categories":[8],"tags":[17,18,10278,25,24,931,13,14,10994,6891,11,19,20,9,10,15,16,1699,23,12,21,22,35250],"class_list":{"0":"post-156917","1":"post","2":"type-post","3":"status-publish","4":"format-standard","5":"has-post-thumbnail","7":"category-espana","8":"tag-breaking-news","9":"tag-breakingnews","10":"tag-desmiente","11":"tag-es","12":"tag-espana","13":"tag-fallecimiento","14":"tag-featured-news","15":"tag-featurednews","16":"tag-fernandez","17":"tag-guillermo","18":"tag-headlines","19":"tag-latest-news","20":"tag-latestnews","21":"tag-news","22":"tag-noticias","23":"tag-noticias-destacadas","24":"tag-noticiasdestacadas","25":"tag-psoe","26":"tag-spain","27":"tag-titulares","28":"tag-ultimas-noticias","29":"tag-ultimasnoticias","30":"tag-vara"},"share_on_mastodon":{"url":"","error":""},"_links":{"self":[{"href":"https:\/\/www.europesays.com\/es\/wp-json\/wp\/v2\/posts\/156917","targetHints":{"allow":["GET"]}}],"collection":[{"href":"https:\/\/www.europesays.com\/es\/wp-json\/wp\/v2\/posts"}],"about":[{"href":"https:\/\/www.europesays.com\/es\/wp-json\/wp\/v2\/types\/post"}],"author":[{"embeddable":true,"href":"https:\/\/www.europesays.com\/es\/wp-json\/wp\/v2\/users\/2"}],"replies":[{"embeddable":true,"href":"https:\/\/www.europesays.com\/es\/wp-json\/wp\/v2\/comments?post=156917"}],"version-history":[{"count":0,"href":"https:\/\/www.europesays.com\/es\/wp-json\/wp\/v2\/posts\/156917\/revisions"}],"wp:featuredmedia":[{"embeddable":true,"href":"https:\/\/www.europesays.com\/es\/wp-json\/wp\/v2\/media\/144694"}],"wp:attachment":[{"href":"https:\/\/www.europesays.com\/es\/wp-json\/wp\/v2\/media?parent=156917"}],"wp:term":[{"taxonomy":"category","embeddable":true,"href":"https:\/\/www.europesays.com\/es\/wp-json\/wp\/v2\/categories?post=156917"},{"taxonomy":"post_tag","embeddable":true,"href":"https:\/\/www.europesays.com\/es\/wp-json\/wp\/v2\/tags?post=156917"}],"curies":[{"name":"wp","href":"https:\/\/api.w.org\/{rel}","templated":true}]}}