{"id":156918,"date":"2025-10-04T18:52:41","date_gmt":"2025-10-04T18:52:41","guid":{"rendered":"https:\/\/www.europesays.com\/es\/156918\/"},"modified":"2025-10-04T18:52:41","modified_gmt":"2025-10-04T18:52:41","slug":"asi-serian-los-dos-grupos-de-la-nueva-champions-propuesta-por-la-superliga","status":"publish","type":"post","link":"https:\/\/www.europesays.com\/es\/156918\/","title":{"rendered":"As\u00ed ser\u00edan los dos grupos de la nueva Champions propuesta por la Superliga"},"content":{"rendered":"<p data-gtm-element-container=\"modulo-texto-link\" class=\"paragraph\">En caso de acabar prosperando un nuevo formato de la Champions League a partir de 2027 <a href=\"https:\/\/www.mundodeportivo.com\/futbol\/fc-barcelona\/20251003\/1002544268\/propuesta-final-superliga-uefa-champions-mas-potente.html\" rel=\"nofollow noopener\" target=\"_blank\">seg\u00fan la propuesta de A22, promotor de la Superliga, que desvel\u00f3 Mundo Deportivo en exclusiva este viernes<\/a>, la \u2018fase liga\u2019 ganar\u00eda a\u00fan m\u00e1s atractivo del que ya tiene desde la puesta en marcha la pasada temporada. En lugar de que cada equipo se enfrentara a dos del bombo 1, dos del bombo 2, dos del bombo 3 y dos del bombo 4, los grandes clubs se enfrentar\u00edan siempre entre ellos en las ocho jornadas que dar\u00edan acceso a las eliminatorias.<\/p>\n<p data-gtm-element-container=\"modulo-texto-link\" class=\"paragraph\">Por poner un ejemplo, el Bar\u00e7a ya se ha medido a Newcastle y PSG y tendr\u00e1 otro gran duelo contra el Chelsea pero el resto de oponentes son de menor calado: <strong>Olympiacos, Club Brujas, Eintracht Frankfurt, Slavia Praga y Copenhague.<\/strong> En cambio, en caso de que la UEFA optara por aceptar la propuesta de A 22, el equipo azulgrana s\u00f3lo jugar\u00eda contra ocho rivales del grupo 1, integrado por los 18 con mejor coeficiente UEFA. A d\u00eda de hoy estar\u00eda formado por <strong>Real Madrid, Manchester City, Bayern M\u00fanich, Liverpool, PSG, Inter, Chelsea, Borussia Dortmund, Bar\u00e7a, Arsenal, Leverkusen, Atl\u00e9tico de Madrid, Benfica, Atalanta, Villarreal, Juventus, PSV Eindhoven y N\u00e1poles.<\/strong><\/p>\n<p>                <img loading=\"lazy\" decoding=\"async\" data-full-src=\"https:\/\/www.mundodeportivo.com\/uploads\/2025\/10\/04\/68e10354bdf29.jpeg\" alt=\"As\u00ed ser\u00edan los grupos de la Champions a d\u00eda de hoy en base a los coeficientes UEFA\" width=\"449\" height=\"1470\" src=\"https:\/\/www.europesays.com\/es\/wp-content\/uploads\/2025\/10\/68e10354bdf29.jpeg\" class=\"lazy\"\/><\/p>\n<p class=\"caption-title \">As\u00ed ser\u00edan los grupos de la Champions a d\u00eda de hoy en base a los coeficientes UEFA<\/p>\n<p>                    MD<\/p>\n<p>    Lee tambi\u00e9n<\/p>\n<p data-gtm-element-container=\"modulo-texto-link\" class=\"paragraph\">En el grupo 2 estar\u00edan <strong>Eintracht Frankfurt, Club Brujas, Tottenham, Ajax, Sporting, Olympiacos, Slavia Praga, Bod\u00f6-Glimt, Olympique Marsella, Copenhague, M\u00f3naco, Galatasaray, Kairat Almaty, Union Saint-Gilloise, Pafos, Athletic, Newcastle y Qarabag.<\/strong><\/p>\n<p data-gtm-element-container=\"modulo-texto-link\" class=\"paragraph\">Habr\u00eda una salvedad, <a href=\"https:\/\/www.mundodeportivo.com\/futbol\/fc-barcelona\/20251004\/1002544589\/campeones-seis-grandes-ligas-irian-grupo-1-propuesta-superliga-uefa.html\" rel=\"nofollow noopener\" target=\"_blank\">como ha informado MD<\/a>. Los campeones de las seis grandes Ligas que no tuvieran un coeficiente entre los 18 mejores tambi\u00e9n ir\u00edan al grupo 1 en la propuesta de la Superliga a la UEFA para mantener la idea de la meritocracia.<\/p>\n","protected":false},"excerpt":{"rendered":"En caso de acabar prosperando un nuevo formato de la Champions League a partir de 2027 seg\u00fan la&hellip;\n","protected":false},"author":2,"featured_media":156919,"comment_status":"","ping_status":"","sticky":false,"template":"","format":"standard","meta":{"footnotes":""},"categories":[5],"tags":[17,18,25,24,13,14,11,19,20,9,10,15,16,23,12,21,22],"class_list":{"0":"post-156918","1":"post","2":"type-post","3":"status-publish","4":"format-standard","5":"has-post-thumbnail","7":"category-titulares","8":"tag-breaking-news","9":"tag-breakingnews","10":"tag-es","11":"tag-espana","12":"tag-featured-news","13":"tag-featurednews","14":"tag-headlines","15":"tag-latest-news","16":"tag-latestnews","17":"tag-news","18":"tag-noticias","19":"tag-noticias-destacadas","20":"tag-noticiasdestacadas","21":"tag-spain","22":"tag-titulares","23":"tag-ultimas-noticias","24":"tag-ultimasnoticias"},"share_on_mastodon":{"url":"","error":""},"_links":{"self":[{"href":"https:\/\/www.europesays.com\/es\/wp-json\/wp\/v2\/posts\/156918","targetHints":{"allow":["GET"]}}],"collection":[{"href":"https:\/\/www.europesays.com\/es\/wp-json\/wp\/v2\/posts"}],"about":[{"href":"https:\/\/www.europesays.com\/es\/wp-json\/wp\/v2\/types\/post"}],"author":[{"embeddable":true,"href":"https:\/\/www.europesays.com\/es\/wp-json\/wp\/v2\/users\/2"}],"replies":[{"embeddable":true,"href":"https:\/\/www.europesays.com\/es\/wp-json\/wp\/v2\/comments?post=156918"}],"version-history":[{"count":0,"href":"https:\/\/www.europesays.com\/es\/wp-json\/wp\/v2\/posts\/156918\/revisions"}],"wp:featuredmedia":[{"embeddable":true,"href":"https:\/\/www.europesays.com\/es\/wp-json\/wp\/v2\/media\/156919"}],"wp:attachment":[{"href":"https:\/\/www.europesays.com\/es\/wp-json\/wp\/v2\/media?parent=156918"}],"wp:term":[{"taxonomy":"category","embeddable":true,"href":"https:\/\/www.europesays.com\/es\/wp-json\/wp\/v2\/categories?post=156918"},{"taxonomy":"post_tag","embeddable":true,"href":"https:\/\/www.europesays.com\/es\/wp-json\/wp\/v2\/tags?post=156918"}],"curies":[{"name":"wp","href":"https:\/\/api.w.org\/{rel}","templated":true}]}}