{"id":156920,"date":"2025-10-04T18:53:09","date_gmt":"2025-10-04T18:53:09","guid":{"rendered":"https:\/\/www.europesays.com\/es\/156920\/"},"modified":"2025-10-04T18:53:09","modified_gmt":"2025-10-04T18:53:09","slug":"abanca-ademar-demuestra-su-superioridad-ante-el-caserio-vigon-de-ciudad-real-mas-deportes","status":"publish","type":"post","link":"https:\/\/www.europesays.com\/es\/156920\/","title":{"rendered":"ABANCA Ademar demuestra su superioridad ante el Caser\u00edo Vig\u00f3n de Ciudad Real | M\u00e1s deportes"},"content":{"rendered":"<p class=\"loc\">Le\u00f3n<\/p>\n<p>Los primeros minutos del partido fueron para el Caser\u00edo Vig\u00f3n de Ciudad Real que basaba su estrategia en una defensa intensa mientras que el ABANCA Ademar buscaba su potencial ofensivo exprimiendo la conexion con Rodrigo Benites en el pivote (3-5). La entrada de Rodrigo P\u00e9rez Arce en el ataque marista era fundamental para darle la vuelta al partido y tras un parcial de 7-2 el resultado era de 10-7<\/p>\n<p>Con el viento a favor el ABANCA Ademar se dedicaba a explotar sus virtudes y una de ellas, sobre todo cuando juega en casa, es su intensidasd defensiva que permit\u00eda una mayor aportaci\u00f3n de la porter\u00eda mientras que Gonzalo P\u00e9rez Arce se dedicaba a marcar los goles (13-9). Con el 14 &#8211; 9 en el marcador Santi Urdiales, t\u00e9cnico del Caser\u00edo Vig\u00f3n ten\u00eda que pedir tiempo muerto ante la gran exhibici\u00f3n defensiva de los leoneses y su eficacia ofensiva. La reacci\u00f3n de los manchegos era m\u00edninma y la primera parte acababa con el resultado de 22-15 y con una exhibicion de los hermanos Perez Arce, Rodrigo y Gonzalo, con 6 goles cada uno. <\/p>\n<p>En la segunda parte y con un resultado muy favorable (26-20) el ABANCA Ademar aaprovech\u00f3 para utilizar otras variantes y sobre todo para dar minutos a jugadores que tienen que ser fundamentales en lo que va de temporada y ahora que se acerca la competici\u00f3n europea como es el caso de Aitor Albizu. Mientras tanto el Caser\u00edo Vig\u00f3n optaba por ralentizar el partido para intentar acercarse al marcador y tras un parcial de 1-4 se pon\u00eda tan s\u00f3lo cinco abajo 30-25. Fiel a su ADN el ABANCA Ademar no bajaba su ritmo competitivo y el partido acababa con el resultado resultado de 38 &#8211; 31 y con la sensaci\u00f3n de que entre los dos equipos hay diferencias evidentes. Una vez m\u00e1s el m\u00e1ximo goleador del equipo leon\u00e9s fue Gonzalo P\u00e9rez Arce que marcaba 12 goles <\/p>\n","protected":false},"excerpt":{"rendered":"Le\u00f3n Los primeros minutos del partido fueron para el Caser\u00edo Vig\u00f3n de Ciudad Real que basaba su estrategia&hellip;\n","protected":false},"author":2,"featured_media":156921,"comment_status":"","ping_status":"","sticky":false,"template":"","format":"standard","meta":{"footnotes":""},"categories":[278],"tags":[376,168,25,24,375,23,167],"class_list":{"0":"post-156920","1":"post","2":"type-post","3":"status-publish","4":"format-standard","5":"has-post-thumbnail","7":"category-balonmano","8":"tag-balonmano","9":"tag-deportes","10":"tag-es","11":"tag-espana","12":"tag-handball","13":"tag-spain","14":"tag-sports"},"share_on_mastodon":{"url":"","error":""},"_links":{"self":[{"href":"https:\/\/www.europesays.com\/es\/wp-json\/wp\/v2\/posts\/156920","targetHints":{"allow":["GET"]}}],"collection":[{"href":"https:\/\/www.europesays.com\/es\/wp-json\/wp\/v2\/posts"}],"about":[{"href":"https:\/\/www.europesays.com\/es\/wp-json\/wp\/v2\/types\/post"}],"author":[{"embeddable":true,"href":"https:\/\/www.europesays.com\/es\/wp-json\/wp\/v2\/users\/2"}],"replies":[{"embeddable":true,"href":"https:\/\/www.europesays.com\/es\/wp-json\/wp\/v2\/comments?post=156920"}],"version-history":[{"count":0,"href":"https:\/\/www.europesays.com\/es\/wp-json\/wp\/v2\/posts\/156920\/revisions"}],"wp:featuredmedia":[{"embeddable":true,"href":"https:\/\/www.europesays.com\/es\/wp-json\/wp\/v2\/media\/156921"}],"wp:attachment":[{"href":"https:\/\/www.europesays.com\/es\/wp-json\/wp\/v2\/media?parent=156920"}],"wp:term":[{"taxonomy":"category","embeddable":true,"href":"https:\/\/www.europesays.com\/es\/wp-json\/wp\/v2\/categories?post=156920"},{"taxonomy":"post_tag","embeddable":true,"href":"https:\/\/www.europesays.com\/es\/wp-json\/wp\/v2\/tags?post=156920"}],"curies":[{"name":"wp","href":"https:\/\/api.w.org\/{rel}","templated":true}]}}