{"id":156922,"date":"2025-10-04T18:54:09","date_gmt":"2025-10-04T18:54:09","guid":{"rendered":"https:\/\/www.europesays.com\/es\/156922\/"},"modified":"2025-10-04T18:54:09","modified_gmt":"2025-10-04T18:54:09","slug":"espectacular-voltereta-a-morante-de-la-puebla-en-ubeda","status":"publish","type":"post","link":"https:\/\/www.europesays.com\/es\/156922\/","title":{"rendered":"Espectacular voltereta a Morante de la Puebla en \u00dabeda"},"content":{"rendered":"<p><strong>Morante de la Puebla<\/strong> sufri\u00f3 una espectacular voltereta cuando pasaba al natural al primer toro de <strong>Juan Pedro Domecq en \u00dabeda (Ja\u00e9n).<\/strong> Un momento de tensi\u00f3n que afortunadamente qued\u00f3 en el susto. Se levant\u00f3 enrabietado el sevillano cuajando otra portentosa serie sobre el lado derecho. La estocada fue fulminante, cortando dos orejas pedidas por unanimidad.<\/p>\n","protected":false},"excerpt":{"rendered":"Morante de la Puebla sufri\u00f3 una espectacular voltereta cuando pasaba al natural al primer toro de Juan Pedro&hellip;\n","protected":false},"author":2,"featured_media":156923,"comment_status":"","ping_status":"","sticky":false,"template":"","format":"standard","meta":{"footnotes":""},"categories":[277],"tags":[45,373,168,25,24,1392,1226,1227,23,167,625,374,45144,20415],"class_list":{"0":"post-156922","1":"post","2":"type-post","3":"status-publish","4":"format-standard","5":"has-post-thumbnail","7":"category-toreo","8":"tag-45","9":"tag-bullfighting","10":"tag-deportes","11":"tag-es","12":"tag-espana","13":"tag-morante-de-la-puebla","14":"tag-noticias-de-toros","15":"tag-noticias-taurinas","16":"tag-spain","17":"tag-sports","18":"tag-tauromaquia","19":"tag-toreo","20":"tag-ubeda","21":"tag-voltereta"},"share_on_mastodon":{"url":"","error":""},"_links":{"self":[{"href":"https:\/\/www.europesays.com\/es\/wp-json\/wp\/v2\/posts\/156922","targetHints":{"allow":["GET"]}}],"collection":[{"href":"https:\/\/www.europesays.com\/es\/wp-json\/wp\/v2\/posts"}],"about":[{"href":"https:\/\/www.europesays.com\/es\/wp-json\/wp\/v2\/types\/post"}],"author":[{"embeddable":true,"href":"https:\/\/www.europesays.com\/es\/wp-json\/wp\/v2\/users\/2"}],"replies":[{"embeddable":true,"href":"https:\/\/www.europesays.com\/es\/wp-json\/wp\/v2\/comments?post=156922"}],"version-history":[{"count":0,"href":"https:\/\/www.europesays.com\/es\/wp-json\/wp\/v2\/posts\/156922\/revisions"}],"wp:featuredmedia":[{"embeddable":true,"href":"https:\/\/www.europesays.com\/es\/wp-json\/wp\/v2\/media\/156923"}],"wp:attachment":[{"href":"https:\/\/www.europesays.com\/es\/wp-json\/wp\/v2\/media?parent=156922"}],"wp:term":[{"taxonomy":"category","embeddable":true,"href":"https:\/\/www.europesays.com\/es\/wp-json\/wp\/v2\/categories?post=156922"},{"taxonomy":"post_tag","embeddable":true,"href":"https:\/\/www.europesays.com\/es\/wp-json\/wp\/v2\/tags?post=156922"}],"curies":[{"name":"wp","href":"https:\/\/api.w.org\/{rel}","templated":true}]}}