{"id":156927,"date":"2025-10-04T19:01:26","date_gmt":"2025-10-04T19:01:26","guid":{"rendered":"https:\/\/www.europesays.com\/es\/156927\/"},"modified":"2025-10-04T19:01:26","modified_gmt":"2025-10-04T19:01:26","slug":"sarabia-es-muy-bonito-vernos-arriba","status":"publish","type":"post","link":"https:\/\/www.europesays.com\/es\/156927\/","title":{"rendered":"Sarabia: \u201cEs muy bonito vernos arriba\u201d"},"content":{"rendered":"<p class=\"\"><b>Partido m\u00e1s completo:<\/b> \u201cHa sido una semana espectacular en la que hemos crecido en el juego. Hemos sido muy superiores. En la primera parte, hubo un par de p\u00e9rdidas y no estuvimos tan finos. Pero la segunda parte fue un espect\u00e1culo. Hemos generado ocasiones muy claras y solo falt\u00f3 meter alguna para ponerle la guinda. Han participado casi todos los jugadores en estos dos partidos\u201d.<\/p>\n<p class=\"\"><b>Cuarto clasificado:<\/b> \u201cEstamos haciendo muchas cosas muy bien, pero estamos en la jornada 7. En nuestros partidos pasan muchas cosas por lo que proponemos. El Celta es un gran equipo, europeo. Estoy ilusionado por el paso adelante que hemos dado en el juego y cada vez estamos m\u00e1s cerca del equipo que queremos ser. Vamos a perder partidos y tendremos malos momentos porque la competici\u00f3n es exigente y somos un reci\u00e9n ascendido. Pero la sensaci\u00f3n es que el equipo es cada vez m\u00e1s redondo y cree m\u00e1s. Es muy bonito vernos arriba por el como, sobre todo\u201d. <\/p>\n<p class=\"\"><b>Invictos:<\/b> \u201cA estas alturas no es casualidad, pero lo mejor son las sensaciones. Estamos contentos e ilusionados dentro. Ha sido una semana dura. John, que ven\u00eda de no jugar, ha hecho el gol. Esto es lo que quiero que sea el Elche\u201d.<\/p>\n<p class=\"\"><b>Comentarios de Bragarnik: <\/b>\u201cNo he hablado todav\u00eda, pero estar\u00e1 muy contento y orgulloso. Este era el sue\u00f1o de todos, poder hacer este tipo de cosas. Bragarnik cuida mucho la manera. Desde hace mucho tiempo tiene claro el Elche que quiere y tiene que estar contento y orgulloso de lo que estamos creando. Gir\u00e1ldez me parece un gran entrenador. Tiene m\u00e1s m\u00e9rito si cabe el partido que hemos hecho porque el Celta es un equipazo\u201d. <\/p>\n<p class=\"\"><b>Cambio de sistema: <\/b>\u201cDepende de los partidos. Creo que pod\u00edamos ser m\u00e1s poderosos en centros y remates. La elecci\u00f3n ha sido de poner a jugadores frescos y otros est\u00e1n a un nivel excelso que tenemos que ponerles\u201d.<\/p>\n<p class=\"\"><b>\u00c1lvaro Rodr\u00edguez:<\/b> \u201cMe parece un t\u00edo espectacular. Es un fichaje descomunal. Es un chaval incre\u00edble y un gran compa\u00f1ero. No puede tener m\u00e1s virtudes. Le ha faltado meter esa a contra pie. Nos ha dado mucho aire. Tenemos tres muy buenos delanteros. Es una sorpresa muy grata en todos los sentidos. Me tiene enamorado\u201d.<\/p>\n<p class=\"\"><b>Mart\u00ednez Valero es un fort\u00edn: <\/b>\u201cNos encontramos bien y a gusto. Se est\u00e1 generando algo maravilloso y la gente quiere venir al estadio. Somos un equipo que intentamos no tener caras diferentes en casa y fuera. El equipo se siente con cosas cuando juega en su estadio. El a\u00f1o pasado iniciamos una racha buen\u00edsima. Son datos que est\u00e1n muy bien y que reflejan una fortaleza importante\u201d.<\/p>\n<p class=\"\"><b>Ambiente en el Mart\u00ednez Valero: <\/b>\u201cEn Espa\u00f1a estar\u00e1 esa dualidad Madrid y Bar\u00e7a. No lo veo mal, pero tambi\u00e9n est\u00e1 bien crear ese sentimiento por su equipo. Cuando el equipo no est\u00e1 en Primera es m\u00e1s dif\u00edcil. Por eso, este es nuestro es objetivo. Les puede gustar Mbapp\u00e9, Lamine, Juli\u00e1n \u00c1lvarez&#8230; Pero tambi\u00e9n sus jugadores\u201d.<\/p>\n<p class=\"\"><b>Porcentaje est\u00e1 su equipo:<\/b> \u201cSi jugamos como hoy, estaremos en un 10. Ahora falta en mantenerlo. Hoy es muy dif\u00edcil hacer mejor las cosas<\/p>\n<p>Noticias relacionadas<a href=\"https:\/\/as.com\/futbol\/primera\/giraldez-tenemos-que-reflexionar-n\/\" class=\"s_m_w\" title=\"El entrenador porri\u00f1\u00e9s fue muy duro en la autocr\u00edtica de la derrota c\u00e9ltica en Elche. Asegura que perdieron con justicia.\" data-tb-link=\"\" rel=\"nofollow noopener\" target=\"_blank\"><img decoding=\"async\" src=\"https:\/\/www.europesays.com\/es\/wp-content\/uploads\/2025\/10\/B2RDEQKZJZKJ5B5U6OFHLU4P2Y.jpg\" alt=\"Gir\u00e1ldez: \u201cTenemos que reflexionar\u201d\" class=\"\" height=\"1\" width=\"1\"   loading=\"lazy\" data-tb-thumbnail=\"\"\/><\/a><a href=\"https:\/\/as.com\/futbol\/un-elche-de-champions-n\/\" class=\"s_m_w\" title=\"El equipo de Sarabia acaba tambi\u00e9n con el Celta. John caza otra victoria justa. Mir falla un penalti y Radu evita la goleada.\" data-tb-link=\"\" rel=\"nofollow noopener\" target=\"_blank\"><img decoding=\"async\" src=\"https:\/\/www.europesays.com\/es\/wp-content\/uploads\/2025\/10\/SXQFWLWBURETNBI5WPAP7EUMUA.jpeg\" alt=\"Un Elche de Champions\" class=\"\" height=\"1\" width=\"1\"   loading=\"lazy\" data-tb-thumbnail=\"\"\/><\/a><\/p>\n<p class=\"\"><b>Rotaci\u00f3n porter\u00eda: <\/b>\u201cPuede ser que se rote e iremos tomando las decisiones con naturalidad. Tenemos una porter\u00eda espectacular, con tres porteros incre\u00edbles. Iturbe es un chaval incre\u00edble. Lo haremos con naturalidad y eligiendo lo mejor para el equipo\u201d. <\/p>\n<p class=\"\"><b>\u00a1Tus opiniones importan!<\/b> Comenta en los art\u00edculos y suscr\u00edbete gratis a nuestra <a href=\"https:\/\/asfan.as.com\/newsletters\/\" target=\"_blank\" rel=\"nofollow noopener\" title=\"https:\/\/asfan.as.com\/newsletters\/\">newsletter<\/a> y a las alertas informativas en la <a href=\"https:\/\/as.com\/aplicacion-de-as-n\/\" target=\"_blank\" rel=\"nofollow noopener\" title=\"https:\/\/as.com\/aplicacion-de-as-n\/\">App<\/a> o el canal de <a href=\"https:\/\/www.whatsapp.com\/channel\/0029VaAasdA7j6g745nz9M10\" target=\"_blank\" rel=\"nofollow noopener\" title=\"https:\/\/www.whatsapp.com\/channel\/0029VaAasdA7j6g745nz9M10\">WhatsApp<\/a>. \u00bfBuscas licenciar contenido? Haz clic <a href=\"https:\/\/profesional.elpais.com\/soluciones-sindicacion?utm_medium=interno&amp;utm_source=crosslinking&amp;utm_campaign=sindicacion_as_pie_articulos\" target=\"_blank\" rel=\"nofollow noopener\" title=\"https:\/\/profesional.elpais.com\/soluciones-sindicacion?utm_medium=interno&amp;utm_source=crosslinking&amp;utm_campaign=sindicacion_as_pie_articulos\">aqu\u00ed<\/a><\/p>\n","protected":false},"excerpt":{"rendered":"Partido m\u00e1s completo: \u201cHa sido una semana espectacular en la que hemos crecido en el juego. Hemos sido&hellip;\n","protected":false},"author":2,"featured_media":156928,"comment_status":"","ping_status":"","sticky":false,"template":"","format":"standard","meta":{"footnotes":""},"categories":[268],"tags":[168,25,24,280,282,281,23,167],"class_list":{"0":"post-156927","1":"post","2":"type-post","3":"status-publish","4":"format-standard","5":"has-post-thumbnail","7":"category-futbol","8":"tag-deportes","9":"tag-es","10":"tag-espana","11":"tag-football","12":"tag-futbol","13":"tag-soccer","14":"tag-spain","15":"tag-sports"},"share_on_mastodon":{"url":"","error":""},"_links":{"self":[{"href":"https:\/\/www.europesays.com\/es\/wp-json\/wp\/v2\/posts\/156927","targetHints":{"allow":["GET"]}}],"collection":[{"href":"https:\/\/www.europesays.com\/es\/wp-json\/wp\/v2\/posts"}],"about":[{"href":"https:\/\/www.europesays.com\/es\/wp-json\/wp\/v2\/types\/post"}],"author":[{"embeddable":true,"href":"https:\/\/www.europesays.com\/es\/wp-json\/wp\/v2\/users\/2"}],"replies":[{"embeddable":true,"href":"https:\/\/www.europesays.com\/es\/wp-json\/wp\/v2\/comments?post=156927"}],"version-history":[{"count":0,"href":"https:\/\/www.europesays.com\/es\/wp-json\/wp\/v2\/posts\/156927\/revisions"}],"wp:featuredmedia":[{"embeddable":true,"href":"https:\/\/www.europesays.com\/es\/wp-json\/wp\/v2\/media\/156928"}],"wp:attachment":[{"href":"https:\/\/www.europesays.com\/es\/wp-json\/wp\/v2\/media?parent=156927"}],"wp:term":[{"taxonomy":"category","embeddable":true,"href":"https:\/\/www.europesays.com\/es\/wp-json\/wp\/v2\/categories?post=156927"},{"taxonomy":"post_tag","embeddable":true,"href":"https:\/\/www.europesays.com\/es\/wp-json\/wp\/v2\/tags?post=156927"}],"curies":[{"name":"wp","href":"https:\/\/api.w.org\/{rel}","templated":true}]}}