{"id":156931,"date":"2025-10-04T19:08:08","date_gmt":"2025-10-04T19:08:08","guid":{"rendered":"https:\/\/www.europesays.com\/es\/156931\/"},"modified":"2025-10-04T19:08:08","modified_gmt":"2025-10-04T19:08:08","slug":"temporada-2025-26-jornada-8-f-c-andorra-1-2-c-d-leganes-c-d-leganes","status":"publish","type":"post","link":"https:\/\/www.europesays.com\/es\/156931\/","title":{"rendered":"Temporada 2025\/26 | Jornada 8 | F.C. Andorra 1-2 C.D. Legan\u00e9s &#8211; C.D. Legan\u00e9s"},"content":{"rendered":"<p><strong>El C.D. Legan\u00e9s gan\u00f3 en su visita al F.C. Andorra (1-2), en partido correspondiente a la octava jornada de LALIGA HYPERMOTION. Duk y Naim, con dos golazos al comienzo de la segunda parte, marcaron los goles pepineros, mientras que Gael Alonso acort\u00f3 distancias en el tramo final para el Andorra.<\/strong><\/p>\n<p>Cuatro cambios introduc\u00eda Paco L\u00f3pez en el once inicial del Legan\u00e9s con respecto a la \u00faltima jornada liguera: entraban en el equipo titular Figueredo, que se estrenaba de inicio, Marvel, Ciss\u00e9, tras cumplir sanci\u00f3n, y Diego Garc\u00eda, qued\u00e1ndose en el banquillo respecto a la alineaci\u00f3n ante el Castell\u00f3n Jorge S\u00e1enz, Melero, \u00c1lex Mill\u00e1n y Miguel de la Fuente, quienes esperaban su turno en esta ocasi\u00f3n. Figueredo y Naim ejerc\u00edan como carrileros, mientras que Juan Cruz y Duk iniciaban en bandas con Diego como hombre m\u00e1s adelantado.<\/p>\n<p>La primera ocasi\u00f3n del partido era para el Andorra, en botas de Lautaro en el minuto 3. Respond\u00eda el Legan\u00e9s con una buena acci\u00f3n de Juan Cruz, y posteriormente con un latigazo de Diego que despejaba con apuros Owono. Tras un inicio con llegadas a ambas \u00e1reas, mediada la primera parte el juego se igualaba con ambos conjuntos tratando de ganar la batalla en medio campo y dificultando el juego del rival.<\/p>\n<p>Diego Garc\u00eda ten\u00eda las m\u00e1s claras para el Legan\u00e9s en la primera parte, que finalizaba sin goles<\/p>\n<p>En el 33\u2019 a punto estaba de llegar a rematar Juan Cruz un env\u00edo de Naim desde la banda izquierda, pero la defensa local salvaba in extremis. En el 37\u2019 el Andorra marcaba tras una acci\u00f3n a bal\u00f3n parado por mediaci\u00f3n de Alende, pero el VAR correg\u00eda al colegiado principal y anulaba el tanto por fuera de juego del futbolista del Andorra. Respond\u00eda el Lega con otra llegada de Naim y remate de Diego en el 39\u2019 que rechazaba la zaga, y despu\u00e9s con un remate de Juan Cruz que rechazaba Owono y a punto estaba de aprovechar Diego.<\/p>\n<p>De nuevo Diego, que estrenaba capitan\u00eda, la ten\u00eda en el 43\u2019 tras una transici\u00f3n entre Naim y el propio \u201819\u2019, con un remate de cabeza que desbarataba Owono cuando ya se cantaba el gol. Y otra para Juan Cruz ya en el a\u00f1adido tras una jugada personal que no acertaba a culminar con \u00e9xito. Con buenas sensaciones para los blanquiazules, pero sin goles en el marcador, se llegaba al tiempo de descanso.<\/p>\n<p>Golazos de Duk y Naim al comienzo de la segunda mitad para poner 0-2 al Lega<\/p>\n<p>Comenzaba la segunda mitad sin cambios en el Legan\u00e9s, con los pepineros poni\u00e9ndose por delante en el 47\u2019 gracias a un impresionante gol de libre directo de Duk que sorprend\u00eda a Owono con un lanzamiento lejano que hac\u00eda una par\u00e1bola imposible para el guardameta del Andorra y supon\u00eda el 0-1 para el Lega. Tremendo golazo del internacional caboverdiano, su segunda diana del curso.<\/p>\n<p>Y, casi sin tiempo para celebrarlo, en el 51\u2019 Naim Garc\u00eda realizaba una extraordinaria acci\u00f3n individual por banda izquierda que finalizaba con un latigazo que pegaba en el palo antes de introducirse en la porter\u00eda del Andorra para subir el 0-2 al marcador. El canterano anotaba tambi\u00e9n su segundo gol del curso. Reaccionaba el Andorra con un zapatazo de \u00c1lex Calvo en el 61\u2019 al que respond\u00eda Juan Soriano con una gran intervenci\u00f3n.<\/p>\n<p>Gael Alonso acortaba distancias para el Andorra en el tramo final, pero los tres puntos se vienen a Legan\u00e9s<\/p>\n<p>En el 63\u2019, Paco L\u00f3pez realizaba su primer cambio dando entrada a Jorge S\u00e1enz en el centro de la defensa en lugar de Lalo, que deb\u00eda retirarse por molestias en su pierna derecha. Cinco minutos despu\u00e9s, otro doble cambio blanquiazul, entrando al partido Franquesa y Miguel en lugar de Duk y Diego, adelantando Naim su posici\u00f3n por delante del lateral catal\u00e1n y coloc\u00e1ndose el \u20189\u2019 en punta de ataque.<\/p>\n<p>El Lega controlaba bien los intentos del Andorra por acortar distancias, y ya en el 80\u2019 Rub\u00e9n Pe\u00f1a, que volv\u00eda a los terrenos de juego tras varios encuentros ausente por lesi\u00f3n, y Melero entraban por Figueredo y Juan Cruz en los \u00faltimos cambios blanquiazules. El Andorra acortaba distancias en el 86\u2019 por mediaci\u00f3n de Gael Alonso, que remataba una acci\u00f3n a bal\u00f3n parado para hacer el 1-2. Sin embargo, el Legan\u00e9s defendi\u00f3 su renta en el tramo final, en el que el local Petxarrom\u00e1n fue expulsado al ver dos cartulinas amarillas pr\u00e1cticamente consecutivas ya en el tiempo a\u00f1adido.<\/p>\n<p>Segunda victoria consecutiva a domicilio del Legan\u00e9s, que se coloca con diez puntos en la tabla y que afrontar\u00e1 su pr\u00f3ximo compromiso de nuevo lejos de casa, el pr\u00f3ximo s\u00e1bado (16:15 horas) en Vitoria frente al C.D. Mirand\u00e9s.<\/p>\n","protected":false},"excerpt":{"rendered":"El C.D. Legan\u00e9s gan\u00f3 en su visita al F.C. Andorra (1-2), en partido correspondiente a la octava jornada&hellip;\n","protected":false},"author":2,"featured_media":156932,"comment_status":"","ping_status":"","sticky":false,"template":"","format":"standard","meta":{"footnotes":""},"categories":[93],"tags":[10098,46894,168,25,24,46895,4174,23,167],"class_list":{"0":"post-156931","1":"post","2":"type-post","3":"status-publish","4":"format-standard","5":"has-post-thumbnail","7":"category-deportes","8":"tag-andorra","9":"tag-andorra-leganes","10":"tag-deportes","11":"tag-es","12":"tag-espana","13":"tag-jornada-8","14":"tag-laliga-hypermotion","15":"tag-spain","16":"tag-sports"},"share_on_mastodon":{"url":"","error":""},"_links":{"self":[{"href":"https:\/\/www.europesays.com\/es\/wp-json\/wp\/v2\/posts\/156931","targetHints":{"allow":["GET"]}}],"collection":[{"href":"https:\/\/www.europesays.com\/es\/wp-json\/wp\/v2\/posts"}],"about":[{"href":"https:\/\/www.europesays.com\/es\/wp-json\/wp\/v2\/types\/post"}],"author":[{"embeddable":true,"href":"https:\/\/www.europesays.com\/es\/wp-json\/wp\/v2\/users\/2"}],"replies":[{"embeddable":true,"href":"https:\/\/www.europesays.com\/es\/wp-json\/wp\/v2\/comments?post=156931"}],"version-history":[{"count":0,"href":"https:\/\/www.europesays.com\/es\/wp-json\/wp\/v2\/posts\/156931\/revisions"}],"wp:featuredmedia":[{"embeddable":true,"href":"https:\/\/www.europesays.com\/es\/wp-json\/wp\/v2\/media\/156932"}],"wp:attachment":[{"href":"https:\/\/www.europesays.com\/es\/wp-json\/wp\/v2\/media?parent=156931"}],"wp:term":[{"taxonomy":"category","embeddable":true,"href":"https:\/\/www.europesays.com\/es\/wp-json\/wp\/v2\/categories?post=156931"},{"taxonomy":"post_tag","embeddable":true,"href":"https:\/\/www.europesays.com\/es\/wp-json\/wp\/v2\/tags?post=156931"}],"curies":[{"name":"wp","href":"https:\/\/api.w.org\/{rel}","templated":true}]}}