{"id":156935,"date":"2025-10-04T19:10:10","date_gmt":"2025-10-04T19:10:10","guid":{"rendered":"https:\/\/www.europesays.com\/es\/156935\/"},"modified":"2025-10-04T19:10:10","modified_gmt":"2025-10-04T19:10:10","slug":"los-duques-de-huescar-y-los-condes-de-osorno-bautizan-a-sus-hijos-horas-antes-de-la-boda-de-cayetano-martinez-de-irujo","status":"publish","type":"post","link":"https:\/\/www.europesays.com\/es\/156935\/","title":{"rendered":"Los duques de Hu\u00e9scar y los condes de Osorno bautizan a sus hijos horas antes de la boda de Cayetano Mart\u00ednez de Irujo"},"content":{"rendered":"<p class=\"paragraph\" id=\"paragraph_1\">Horas antes la boda de <a href=\"https:\/\/www.elespanol.com\/corazon\/famosos\/20250929\/ultimo-plan-solitario-cayetano-martinez-irujo-escasos-dias-contraer-matrimonio-barbara-mirjan\/1003743945871_0.html?utm_cmp_rs=linksinline\" rel=\"nofollow noopener\" target=\"_blank\"><strong>Cayetano Mart\u00ednez de Irujo<\/strong><\/a> (62 a\u00f1os) y<a href=\"https:\/\/www.elespanol.com\/corazon\/famosos\/20251003\/familia-barbara-mirjan-padre-libanes-poderosa-empresa-fundo-abuelo-materno\/1003743949647_0.html?utm_cmp_rs=linksinline\" rel=\"nofollow noopener\" target=\"_blank\"><strong> B\u00e1rbara Mirjan<\/strong><\/a> (29),<strong> la Casa de <\/strong>Alba ha vivido una jornada de doble celebraci\u00f3n. <strong>Los duques de Hu\u00e9scar y los duques de Osorno han bautizado a sus respectivos hijos<\/strong>, <strong>Fernando<\/strong> y <strong>Fadrique<\/strong>.<\/p>\n<p class=\"paragraph\" id=\"paragraph_2\">Una ceremonia \u00edntima que ha tenido lugar este pasado jueves, 2 de octubre, <strong>en la capilla del Palacio de Liria<\/strong>, en Madrid, seg\u00fan informa la revista \u00a1HOLA! <a href=\"https:\/\/www.elespanol.com\/corazon\/famosos\/20250807\/sofia-palazuelo-faceta-instagrammer-marcas-familiares-promociona-perfiles-vips-interesan\/1003743878353_0.html?utm_cmp_rs=linksinline\" rel=\"nofollow noopener\" target=\"_blank\"><strong>Sof\u00eda Palazuelo<\/strong><\/a> (33) y <strong>Fernando Fitz-James Stuart<\/strong> (35), y <strong>Bel\u00e9n Corsini<\/strong> (36) y <strong>Carlos Fitz-James Stuart<\/strong> (33) han decidido juntarse para bautizar a la vez a sus dos hijos m\u00e1s peque\u00f1os.<\/p>\n<p class=\"paragraph\" id=\"paragraph_3\">La ceremonia ha tenido lugar <strong>solo dos semanas despu\u00e9s del nacimiento de Fernando<\/strong>, hijo de los duques de Hu\u00e9scar. El reci\u00e9n nacido lleg\u00f3 al mundo el pasado 10 de septiembre, convirti\u00e9ndose en el primer hijo var\u00f3n de Fernando Fitz-James Stuart y Sof\u00eda Palazuelo. Ambos ya eran padres de dos ni\u00f1as, <strong>Rosario<\/strong> (4) y <strong>Sof\u00eda<\/strong> (2).<\/p>\n<p><img loading=\"lazy\" decoding=\"async\" alt=\"Carlos Fitz-James Stuart y Bel\u00e9n Corsini en una boda en \u00c1vila.\" height=\"180\" src=\"https:\/\/www.europesays.com\/es\/wp-content\/uploads\/2025\/10\/1003743820812_256777507_320x180.jpg\" width=\"320\" data-lazy-status=\"processed\" data-lazy-info=\"remove loading item 1\"\/><\/p>\n<p><img decoding=\"async\" alt=\"Los duques de Hu\u00e9scar en las inmediaciones del Palacio de Liria.\" data-imgm=\"true\" height=\"180\" loading=\"lazy\"  src=\"https:\/\/www.europesays.com\/es\/wp-content\/uploads\/2025\/10\/1003743954959_259177070_1024x576.jpg\"  width=\"320\"\/><\/p>\n<p>                                                            Los duques de Hu\u00e9scar en las inmediaciones del Palacio de Liria.<\/p>\n<p>                    Gtres<\/p>\n<p class=\"paragraph\" id=\"paragraph_5\"><strong>Tres meses antes naci\u00f3 Fadrique<\/strong>, el segundo hijo de los condes de Osorno. Lleg\u00f3 al mundo el pasado 9 de junio, convirtiendo en hermano mayor a <strong>Carlos<\/strong> (1)<\/p>\n<p class=\"paragraph\" id=\"paragraph_6\">Ignacio Jim\u00e9nez S\u00e1nchez Dalp ha sido el sacerdote que ha oficiado el bautizo. \u00c9l mismo, cabe recordar, fue quien cas\u00f3 a los duques de Hu\u00e9scar y a los condes de Osorno.<\/p>\n<p class=\"paragraph\" id=\"paragraph_7\">Ha sido <strong>una ceremonia estrictamente familiar<\/strong>. Tal y como ha trascendido, han estado presentes <strong>Matilde Sol\u00eds<\/strong> (62), madre de Carlos y Fernando; Borja Moreno, hermano de ambos; <strong>Fernando Mart\u00ednez de Irujo<\/strong> (66), hermano del duque de Alba y hermano de los peque\u00f1os. Tambi\u00e9n han asistido la madre de Sof\u00eda Palazuelo y su hermano Beltr\u00e1n.<\/p>\n<p class=\"paragraph\" id=\"paragraph_8\">Hasta ahora, no han trascendido im\u00e1genes de la celebraci\u00f3n. Apenas hay fotograf\u00edas de ambas parejas en sus respectivos veh\u00edculos en las inmediaciones del Palacio de Liria.<\/p>\n<p><img decoding=\"async\" alt=\"Los condes de Osorno el d\u00eda que bautizaron a su hijo peque\u00f1o.\" data-imgm=\"true\" height=\"180\" loading=\"lazy\"  src=\"https:\/\/www.europesays.com\/es\/wp-content\/uploads\/2025\/10\/1003743954960_259177091_1024x576.jpg\"  width=\"320\"\/><\/p>\n<p>                                                            Los condes de Osorno el d\u00eda que bautizaron a su hijo peque\u00f1o.<\/p>\n<p>                    Gtres<\/p>\n<p class=\"paragraph\" id=\"paragraph_9\">Carlos y Fernando Fitz-James Stuart seguir\u00e1n de celebraci\u00f3n este s\u00e1bado, 4 de octubre, con el enlace su t\u00edo Cayetano Mart\u00ednez de Irujo.<\/p>\n<p class=\"paragraph\" id=\"paragraph_10\">El duque de Arjona y conde de Salvatierra se dar\u00e1 el &#8216;s\u00ed, quiero&#8217; con B\u00e1rbara Mirjan a las 13:30 en la<strong> iglesia de los Gitanos, de Sevilla<\/strong>, por la que la duquesa de Alba sent\u00eda devoci\u00f3n. El jinete llegar\u00e1 al altar del brazo de su hija, Amina (24), quien ejercer\u00e1 de madrina.<\/p>\n<p><img decoding=\"async\" alt=\"Boda de los condes de Osorno, quienes posan con los duques de Hu\u00e9scar, el duque de Alba y Matilde Sol\u00eds.\" data-imgm=\"true\" height=\"180\" loading=\"lazy\"  src=\"https:\/\/www.europesays.com\/es\/wp-content\/uploads\/2025\/10\/1003743954961_259177112_1024x576.jpg\"  width=\"320\"\/><\/p>\n<p>                                                            Boda de los condes de Osorno, quienes posan con los duques de Hu\u00e9scar, el duque de Alba y Matilde Sol\u00eds.<\/p>\n<p>                    Gtres<\/p>\n<p class=\"paragraph\" id=\"paragraph_11\">La misa ser\u00e1 oficiada por Ignacio S\u00e1nchez-Dalp, confesor de la arist\u00f3crata y quien precisamente acaba de bautizar a los hijos de los duques de Hu\u00e9scar y los condes de Osorno. Tras la ceremonia, los novios y los invitados se trasladar\u00e1n a la <strong>finca Las Arroyuelas<\/strong>, en el t\u00e9rmino municipal de Carmona.<\/p>\n<p class=\"paragraph\" id=\"paragraph_12\"><strong>Un enlace que promete reunir a gran parte de los Alba<\/strong>,<strong> a lo m\u00e1s selecto de la aristocracia y a la alta sociedad espa\u00f1ola<\/strong>. Ser\u00e1 as\u00ed una de las grandes bodas del a\u00f1o.<\/p>\n","protected":false},"excerpt":{"rendered":"Horas antes la boda de Cayetano Mart\u00ednez de Irujo (62 a\u00f1os) y B\u00e1rbara Mirjan (29), la Casa de&hellip;\n","protected":false},"author":2,"featured_media":156936,"comment_status":"","ping_status":"","sticky":false,"template":"","format":"standard","meta":{"footnotes":""},"categories":[91],"tags":[23288,261,146,147,25,24,256,46897,23],"class_list":{"0":"post-156935","1":"post","2":"type-post","3":"status-publish","4":"format-standard","5":"has-post-thumbnail","7":"category-entretenimiento","8":"tag-casa-de-alba","9":"tag-cayetano-martinez-de-irujo","10":"tag-entertainment","11":"tag-entretenimiento","12":"tag-es","13":"tag-espana","14":"tag-famosos","15":"tag-fernando-juan-fitz-james-stuart-y-solis","16":"tag-spain"},"share_on_mastodon":{"url":"","error":""},"_links":{"self":[{"href":"https:\/\/www.europesays.com\/es\/wp-json\/wp\/v2\/posts\/156935","targetHints":{"allow":["GET"]}}],"collection":[{"href":"https:\/\/www.europesays.com\/es\/wp-json\/wp\/v2\/posts"}],"about":[{"href":"https:\/\/www.europesays.com\/es\/wp-json\/wp\/v2\/types\/post"}],"author":[{"embeddable":true,"href":"https:\/\/www.europesays.com\/es\/wp-json\/wp\/v2\/users\/2"}],"replies":[{"embeddable":true,"href":"https:\/\/www.europesays.com\/es\/wp-json\/wp\/v2\/comments?post=156935"}],"version-history":[{"count":0,"href":"https:\/\/www.europesays.com\/es\/wp-json\/wp\/v2\/posts\/156935\/revisions"}],"wp:featuredmedia":[{"embeddable":true,"href":"https:\/\/www.europesays.com\/es\/wp-json\/wp\/v2\/media\/156936"}],"wp:attachment":[{"href":"https:\/\/www.europesays.com\/es\/wp-json\/wp\/v2\/media?parent=156935"}],"wp:term":[{"taxonomy":"category","embeddable":true,"href":"https:\/\/www.europesays.com\/es\/wp-json\/wp\/v2\/categories?post=156935"},{"taxonomy":"post_tag","embeddable":true,"href":"https:\/\/www.europesays.com\/es\/wp-json\/wp\/v2\/tags?post=156935"}],"curies":[{"name":"wp","href":"https:\/\/api.w.org\/{rel}","templated":true}]}}