{"id":156941,"date":"2025-10-04T19:13:08","date_gmt":"2025-10-04T19:13:08","guid":{"rendered":"https:\/\/www.europesays.com\/es\/156941\/"},"modified":"2025-10-04T19:13:08","modified_gmt":"2025-10-04T19:13:08","slug":"decenas-de-heridos-tras-un-ataque-ruso-a-una-estacion-de-tren-en-la-region-ucraniana-de-sumi","status":"publish","type":"post","link":"https:\/\/www.europesays.com\/es\/156941\/","title":{"rendered":"Decenas de heridos tras un ataque ruso a una estaci\u00f3n de tren en la regi\u00f3n ucraniana de Sumi"},"content":{"rendered":"<p data-gtm-element-container=\"modulo-texto-link\" class=\"paragraph\">Rusia atac\u00f3 este s\u00e1bado con drones una estaci\u00f3n de tren en la localidad de Shostka, en la regi\u00f3n ucraniana de Sumi (noroeste), y caus\u00f3 decenas de heridos, seg\u00fan denunci\u00f3 la autoridad militar de la regi\u00f3n y el presidente ucraniano, Volod\u00edmir Zelenski. Seg\u00fan estas fuentes, el ataque fue deliberado y afect\u00f3 a\u00a0un tren de pasajeros que cubr\u00eda la ruta entre Shostka y Kiev.<\/p>\n<p data-gtm-element-container=\"modulo-texto-link\" class=\"paragraph\">Zelenski calific\u00f3 en la red social X el ataque de \u201csalvaje\u201d, y dijo que hasta el momento se han contabilizado 30 heridos. Seg\u00fan el jefe de la Administraci\u00f3n Militar Regional, Oleg Grig\u00f3rov, en el momento de los hechos hab\u00eda decenas de personas en el lugar y despu\u00e9s de la primera explosi\u00f3n un dron sobrevol\u00f3 la estaci\u00f3n impidiendo las labores de rescate. M\u00e1s tarde los rusos lanzaron un segundo ataque.<\/p>\n<p data-gtm-element-container=\"modulo-texto-link\" class=\"paragraph\">Ocho heridos fueron trasladados a centros m\u00e9dicos; uno se encuentra en cuidados intensivos en estado grave, seg\u00fan la misma fuente.\u00a0Entre los heridos hay tres ni\u00f1os de 8, 11 y 14 a\u00f1os. El mayor, un ni\u00f1o, se encuentra en estado de moderada gravedad.<\/p>\n<p data-gtm-element-container=\"modulo-texto-link\" class=\"paragraph\">\u201cLos rusos no pod\u00edan ignorar que estaban atacando a civiles. Y esto es terror que el mundo no debe ignorar. Cada d\u00eda Rusia quita vidas. Y solo la fuerza puede hacer que se detengan\u201d, insisti\u00f3 Zelenski. Por ello, inst\u00f3 a Europa y a EE.UU. a pasar de las palabras sobre nuevas sanciones a Rusia a \u201cacciones contundentes\u201d.<\/p>\n<p>Espa\u00f1a condena el \u201cbrutal\u201d ataque ruso contra la estaci\u00f3n de tren de Shostka<\/p>\n<p data-gtm-element-container=\"modulo-texto-link\" class=\"paragraph\">El ministro de Asuntos Exteriores, Uni\u00f3n Europea y Cooperaci\u00f3n, Jos\u00e9 Manuel Albares, ha condenado el \u201cbrutal\u201d ataque de este s\u00e1bado contra la estaci\u00f3n de tren de Shostka. \u201cEl ataque ruso contra la estaci\u00f3n de Shostka, en la provincia ucraniana de Sumi, es un nuevo y brutal caso de la violencia indiscriminada que Rusia emplea contra objetivos civiles\u201d, ha lamentado Albares en un mensaje publicado en su cuenta de la red social X.<\/p>\n<p data-gtm-element-container=\"modulo-texto-link\" class=\"paragraph\">De los 30 heridos, al menos ocho han tenido que recibir tratamiento en centros m\u00e9dicos de la zona, y uno se encuentra en cuidados intensivos, en estado grave, seg\u00fan ha informado el gobernador ucraniano de Sumi, Oleg Hrigorov. Entre los heridos hay tres ni\u00f1os de 8, 11 y 14 a\u00f1os. El mayor de ellos se encuentra con pron\u00f3stico reservado pero su vida no corre peligro.<\/p>\n<p data-gtm-element-container=\"modulo-texto-link\" class=\"paragraph\">El bombardeo ruso, estiman las autoridades ucranianas, parece tratarse de un nuevo episodio del repunte de ataques rusos de esta semana contra la infraestructura de energ\u00eda y transporte del pa\u00eds. Mosc\u00fa no se ha pronunciado a este respecto.<\/p>\n","protected":false},"excerpt":{"rendered":"Rusia atac\u00f3 este s\u00e1bado con drones una estaci\u00f3n de tren en la localidad de Shostka, en la regi\u00f3n&hellip;\n","protected":false},"author":2,"featured_media":156942,"comment_status":"","ping_status":"","sticky":false,"template":"","format":"standard","meta":{"footnotes":""},"categories":[42],"tags":[17,18,13,14,11,61,62,63,64,19,20,9,10,15,16,12,21,22,65,66,67],"class_list":{"0":"post-156941","1":"post","2":"type-post","3":"status-publish","4":"format-standard","5":"has-post-thumbnail","7":"category-internacional","8":"tag-breaking-news","9":"tag-breakingnews","10":"tag-featured-news","11":"tag-featurednews","12":"tag-headlines","13":"tag-internacional","14":"tag-international","15":"tag-international-news","16":"tag-internationalnews","17":"tag-latest-news","18":"tag-latestnews","19":"tag-news","20":"tag-noticias","21":"tag-noticias-destacadas","22":"tag-noticiasdestacadas","23":"tag-titulares","24":"tag-ultimas-noticias","25":"tag-ultimasnoticias","26":"tag-world","27":"tag-world-news","28":"tag-worldnews"},"share_on_mastodon":{"url":"","error":""},"_links":{"self":[{"href":"https:\/\/www.europesays.com\/es\/wp-json\/wp\/v2\/posts\/156941","targetHints":{"allow":["GET"]}}],"collection":[{"href":"https:\/\/www.europesays.com\/es\/wp-json\/wp\/v2\/posts"}],"about":[{"href":"https:\/\/www.europesays.com\/es\/wp-json\/wp\/v2\/types\/post"}],"author":[{"embeddable":true,"href":"https:\/\/www.europesays.com\/es\/wp-json\/wp\/v2\/users\/2"}],"replies":[{"embeddable":true,"href":"https:\/\/www.europesays.com\/es\/wp-json\/wp\/v2\/comments?post=156941"}],"version-history":[{"count":0,"href":"https:\/\/www.europesays.com\/es\/wp-json\/wp\/v2\/posts\/156941\/revisions"}],"wp:featuredmedia":[{"embeddable":true,"href":"https:\/\/www.europesays.com\/es\/wp-json\/wp\/v2\/media\/156942"}],"wp:attachment":[{"href":"https:\/\/www.europesays.com\/es\/wp-json\/wp\/v2\/media?parent=156941"}],"wp:term":[{"taxonomy":"category","embeddable":true,"href":"https:\/\/www.europesays.com\/es\/wp-json\/wp\/v2\/categories?post=156941"},{"taxonomy":"post_tag","embeddable":true,"href":"https:\/\/www.europesays.com\/es\/wp-json\/wp\/v2\/tags?post=156941"}],"curies":[{"name":"wp","href":"https:\/\/api.w.org\/{rel}","templated":true}]}}