{"id":156943,"date":"2025-10-04T19:14:12","date_gmt":"2025-10-04T19:14:12","guid":{"rendered":"https:\/\/www.europesays.com\/es\/156943\/"},"modified":"2025-10-04T19:14:12","modified_gmt":"2025-10-04T19:14:12","slug":"vega-anuncia-que-san-roque-contara-de-nuevo-con-los-impuestos-mas-bajos-del-pais","status":"publish","type":"post","link":"https:\/\/www.europesays.com\/es\/156943\/","title":{"rendered":"Vega anuncia que San Roque contar\u00e1 de nuevo con los impuestos m\u00e1s bajos del pa\u00eds"},"content":{"rendered":"<p>Canal San Roque cuenta de nuevo con la secci\u00f3n semanal del teniente de alcalde Fernando Vega, y donde el concejal repasa novedades de las delegaciones que ostenta: Econom\u00eda y Hacienda, Universidad Popular, Empleo y ahora tambi\u00e9n Deportes, tras la \u00faltima reestructuraci\u00f3n con la salida del Equipo de Gobierno de M\u00f3nica C\u00f3rdoba.<\/p>\n<p>En esta nueva andadura en los estudios de la radio municipal, comenz\u00f3 agradeciendo a su compa\u00f1era saliente, as\u00ed como dando la bienvenida a Abel Heredia, que forma parte desde este jueves del Equipo de Gobierno.<\/p>\n<p>En la parcela de la Universidad Popular, destac\u00f3 Vega que este reci\u00e9n inaugurado curso contar\u00e1 con 3.300 alumnos, un departamento que ha supuesto un revulsivo por el servicio tan importante que presta a los vecinos, no s\u00f3lo de San Roque, sino tambi\u00e9n a los de la comarca.<\/p>\n<p>Dese\u00f3 que pronto Endesa dote de electricidad al edificio Chari Expresati de la UP, una vez que el Ayuntamiento ha acometido la obra necesaria para tal fin, y especialmente teniendo en cuenta la demanda de alumnos, lo que requiere de mayor espacio para el desarrollo de los talleres.<\/p>\n<p>En cuanto a la Delegaci\u00f3n de Econom\u00eda, asegur\u00f3 que el Presupuesto Municipal de 2026 va muy avanzado gracias al trabajo de los t\u00e9cnicos del Ayuntamiento, un documento que se prev\u00e9 presentar en noviembre para ser aprobado al mes siguiente y entrar en vigor el 1 de enero. Asegur\u00f3 que de nuevo contar\u00e1 con uno de los tipos impositivos m\u00e1s bajos de todo el pa\u00eds, con especial detenimiento en los ejes de empleo, servicios sociales, inversiones municipales y vivienda.<\/p>\n<p>El tambi\u00e9n edil de Deportes destac\u00f3 adem\u00e1s que existe una partida bastante importante para ayudar a las asociaciones deportivas y a seguir apostando por el desarrollo del deporte en todas las edades, as\u00ed como en la mejora de las instalaciones deportivas y campos de f\u00fatbol.<\/p>\n<p>En Empleo, Fernando Vega tambi\u00e9n destac\u00f3 que San Roque sigue reduciendo sus cifras de parados en t\u00e9rminos generales con respecto a los \u00faltimos a\u00f1os. En este cometido tambi\u00e9n existen planes municipales, como los de Emadesa y Amanecer, as\u00ed como cursos de formaci\u00f3n espec\u00edfica de Amdel, que pone en contacto a los demandantes de empleo con empresas de la zona. Destac\u00f3 dos nuevos cursos iniciados esta semana, el de \u201cInterpretaci\u00f3n de planos y preparaci\u00f3n de calderer\u00eda\u201d, desarrollado en colaboraci\u00f3n con la empresa Dragados Off Shore, as\u00ed como el de instalaci\u00f3n y mantenimiento de placas solares junto con la empresa LHH.<\/p>\n<p>Sobre la formaci\u00f3n espec\u00edfica, y aunque destac\u00f3 que existen otros planes de empleo que provienen de otras administraciones, el edil volvi\u00f3 a dar \u201cun tir\u00f3n de orejas\u201d a la Junta de Andaluc\u00eda, \u201cya que hay una gran demanda de formaci\u00f3n industrial en esta zona y el Ayuntamiento tiene a su disposici\u00f3n un edificio nuevo para tal fin en La P\u00f3lvora, a\u00fan pendiente de que la administraci\u00f3n auton\u00f3mica lo homologue\u201d. En este sentido se\u00f1al\u00f3 que \u201ces una l\u00e1stima que se desoiga a los municipios debido a la diferencia del color pol\u00edtico\u201d.<\/p>\n","protected":false},"excerpt":{"rendered":"Canal San Roque cuenta de nuevo con la secci\u00f3n semanal del teniente de alcalde Fernando Vega, y donde&hellip;\n","protected":false},"author":2,"featured_media":156944,"comment_status":"","ping_status":"","sticky":false,"template":"","format":"standard","meta":{"footnotes":""},"categories":[8],"tags":[1250,17,18,2193,2191,25,24,13,14,2190,11,19,20,9,10,15,16,2186,2189,2185,2187,23,2192,12,2188,21,22],"class_list":{"0":"post-156943","1":"post","2":"type-post","3":"status-publish","4":"format-standard","5":"has-post-thumbnail","7":"category-espana","8":"tag-ayuntamiento","9":"tag-breaking-news","10":"tag-breakingnews","11":"tag-cadiz","12":"tag-campamento","13":"tag-es","14":"tag-espana","15":"tag-featured-news","16":"tag-featurednews","17":"tag-guadiaro","18":"tag-headlines","19":"tag-latest-news","20":"tag-latestnews","21":"tag-news","22":"tag-noticias","23":"tag-noticias-destacadas","24":"tag-noticiasdestacadas","25":"tag-roque","26":"tag-san-enrique","27":"tag-san-roque","28":"tag-soto-grande","29":"tag-spain","30":"tag-taraguilla","31":"tag-titulares","32":"tag-torreguadiaro","33":"tag-ultimas-noticias","34":"tag-ultimasnoticias"},"share_on_mastodon":{"url":"","error":""},"_links":{"self":[{"href":"https:\/\/www.europesays.com\/es\/wp-json\/wp\/v2\/posts\/156943","targetHints":{"allow":["GET"]}}],"collection":[{"href":"https:\/\/www.europesays.com\/es\/wp-json\/wp\/v2\/posts"}],"about":[{"href":"https:\/\/www.europesays.com\/es\/wp-json\/wp\/v2\/types\/post"}],"author":[{"embeddable":true,"href":"https:\/\/www.europesays.com\/es\/wp-json\/wp\/v2\/users\/2"}],"replies":[{"embeddable":true,"href":"https:\/\/www.europesays.com\/es\/wp-json\/wp\/v2\/comments?post=156943"}],"version-history":[{"count":0,"href":"https:\/\/www.europesays.com\/es\/wp-json\/wp\/v2\/posts\/156943\/revisions"}],"wp:featuredmedia":[{"embeddable":true,"href":"https:\/\/www.europesays.com\/es\/wp-json\/wp\/v2\/media\/156944"}],"wp:attachment":[{"href":"https:\/\/www.europesays.com\/es\/wp-json\/wp\/v2\/media?parent=156943"}],"wp:term":[{"taxonomy":"category","embeddable":true,"href":"https:\/\/www.europesays.com\/es\/wp-json\/wp\/v2\/categories?post=156943"},{"taxonomy":"post_tag","embeddable":true,"href":"https:\/\/www.europesays.com\/es\/wp-json\/wp\/v2\/tags?post=156943"}],"curies":[{"name":"wp","href":"https:\/\/api.w.org\/{rel}","templated":true}]}}