{"id":156947,"date":"2025-10-04T19:16:11","date_gmt":"2025-10-04T19:16:11","guid":{"rendered":"https:\/\/www.europesays.com\/es\/156947\/"},"modified":"2025-10-04T19:16:11","modified_gmt":"2025-10-04T19:16:11","slug":"gonzalo-comanda-una-comoda-victoria-y-el-abanca-ademar-se-estrena-en-casa","status":"publish","type":"post","link":"https:\/\/www.europesays.com\/es\/156947\/","title":{"rendered":"Gonzalo comanda una c\u00f3moda victoria y el Abanca Ademar se estrena en casa"},"content":{"rendered":"<p><a class=\"v-mdl-ath__fig-a\" href=\"https:\/\/www.leonoticias.com\/autor\/ruben-farinas-2865.html\" title=\"Rub\u00e9n Fari\u00f1as\" rel=\"nofollow noopener\" target=\"_blank\"><br \/>\n<img decoding=\"async\" class=\"v-mdl-ath__img\" src=\"https:\/\/www.europesays.com\/es\/wp-content\/uploads\/2025\/10\/autor-2865-foto-3.jpeg\" alt=\"Rub\u00e9n Fari\u00f1as\"\/><br \/>\n<\/a><\/p>\n<p class=\"v-mdl-ath__p v-mdl-ath__p--6\">\nS\u00e1bado, 4 de octubre 2025, 20:14<\/p>\n<p class=\"v-p\">Llegaba al Urbano Gonz\u00e1lez un debutante en la m\u00e1xima categor\u00eda del balonmano espa\u00f1ol, aunque con un gran aroma a viejo roquero. El Balonmano Caser\u00edo, heredero del campe\u00f3n Ciudad Real, hac\u00eda rememorar entre los nost\u00e1lgicos aquellas partidos estelares con los Dujshebaev, Dinart, Ur\u00edos u Hombrados. Nada queda ya de esa saga de gal\u00e1cticos que paseaba a La Mancha por Europa, aunque la esencia estaba en un novato cuya meta est\u00e1 en lograr la salvaci\u00f3n en una devaluada Liga Asobal.<\/p>\n<p class=\"v-p\">Muestra de que poco tiene que ver aquel Ciudad Real con el actual la dio el Abanca Ademar, el superviviente a aquella fase de extinci\u00f3n que tambi\u00e9n barri\u00f3 a Portland San Antonio o Valladolid. El equipo de Dani Gordo se impuso (38-31), con comodidad en ciertos momentos, al cuadro manchego entrenado por Santi Urdiales.<\/p>\n<p><img decoding=\"async\" loading=\"lazy\" src=\"https:\/\/www.europesays.com\/es\/wp-content\/uploads\/2025\/10\/ademar-kKrF--44x44@Leonoticias.jpg\" class=\"v-scr__img\" width=\"44\" height=\"44\" alt=\"Abanca Ademar\"\/><\/p>\n<p class=\"v-scr__t\">Abanca Ademar<\/p>\n<p class=\"v-scr__p v-scr__p--3\">Javi Mi\u00f1ambres (3), Patryk Wasiak (1), Dar\u00edo Sanz (3), Adri\u00e1n Fern\u00e1ndez (2), Gonzalo P\u00e9rez (12), Rodrigo Benites (6), Saeid (p) -en el siete inicial-; tambi\u00e9n jugaron: \u00c1lvaro P\u00e9rez (ps), Rodrigo P\u00e9rez (6), Rub\u00e9n Rozada, Sergio S\u00e1nchez, \u00c1lvaro Zapico, Samu Saiz, Aitor Albizu (1), Alberto Mart\u00edn y Edu Fern\u00e1ndez (4)<\/p>\n<p class=\"v-scr__n-c v-scr__n-c--1 \">\n 38\n<\/p>\n<p class=\"v-scr__n-c v-scr__n-c--2\">\n&#8211;\n<\/p>\n<p class=\"v-scr__n-c v-scr__n-c--3 \">\n 31\n<\/p>\n<p class=\"v-scr__t\">BM. Caser\u00edo Ciudad Real<\/p>\n<p><img decoding=\"async\" loading=\"lazy\" src=\"https:\/\/www.europesays.com\/es\/wp-content\/uploads\/2025\/10\/ciudad-kKrF--44x44@Leonoticias.jpg\" class=\"v-scr__img\" width=\"44\" height=\"44\" alt=\"BM. Caser\u00edo Ciudad Real\"\/><\/p>\n<p class=\"v-scr__p v-scr__p--3\">Lumbreras, David Fern\u00e1ndez (2), Javi Domingo (3), Sergio L\u00f3pez (3), Omar Sherif (3), Casares (3=, Giovagnola (p) -en el siete inicial-; tambi\u00e9n jugaron: Morales (ps), Mendive, Moreno (2), Morales, Palomeque, P\u00e9rez de Inestrosa (5), M\u00ednguez, Torres (8) y Gull (2)<\/p>\n<ul class=\"v-u\">\n<li class=\"v-u__l\">\n<p class=\"v-p\">\nParciales<br \/>\n3-4, 7-7, 11-8, 14-9, 17-12, 22-15; descanso; 25-19, 28-22, 29-24, 31-25, 34-28, 38-31\n<\/p>\n<\/li>\n<li class=\"v-u__l\">\n<p class=\"v-p\">\n\u00c1rbitros<br \/>\nMurillo Castro y Garc\u00eda S\u00e1nchez. Excluyeron con dos minutos a Samu Saiz y Mi\u00f1ambres, por el Abanca Ademar; y a Lumbreras (2), Minguez y Sherif, por el BM. Caser\u00edo\n<\/p>\n<\/li>\n<li class=\"v-u__l\">\n<p class=\"v-p\">\nIncidencias<br \/>\nPartido correspondiente a la cuarta jornada de la Liga Nexus Energ\u00eda Asobal disputado en el Palacio de los Deportes &#8216;Ubano Gonz\u00e1lez Escapa, en Le\u00f3n, ante 1.500 espectadores.\n<\/p>\n<\/li>\n<\/ul>\n<p class=\"v-p\">La fuerza que emprendi\u00f3 en la salida el Caser\u00edo dur\u00f3 apenas diez minutos. El intercambio de golpes inicial, que mantuvo por delante a los visitantes hasta el 7-7, en el minuto 9, permiti\u00f3 al conjunto leon\u00e9s, con m\u00e1s f\u00edsico y calidad, tomar las riendas del choque para no soltarlas m\u00e1s de la mano de Gonzalo P\u00e9rez, encargado de dirigir las primeras rentas (10-7, en el minuto 13). Una exhibici\u00f3n que continu\u00f3 para estirar la distancia hasta el 14-9, con el extremo cerrando el primer tiempo con siete tantos.<\/p>\n<p class=\"v-p\">Intent\u00f3 parar el choque el entrenador del cuadro manchego y dos inferioridades num\u00e9ricas de Abanca Ademar hizo que Dani Gordo pusiera las ideas en orden a los suyos, mientras que los visitantes se aproximaban hasta el 17-14. Sin embargo, un fren\u00e9tico minuto y medio final lastr\u00f3 las esperanzas de los amarillos -hoy de azul- y Ademar endos\u00f3 un 3-0, con tanto a la contra sobre la bocina incluido, para que se llegara al entretiempos con 22-15 a favor de los locales.<\/p>\n<p class=\"v-p\">El equipo leon\u00e9s mantuvo a raya a Ciudad Real durante los primeros compases de la segunda mitad, abortando cualquier opci\u00f3n de reacci\u00f3n de los visitantes. La renta se mantuvo siempre por encima de los seis goles (28-22, en el minuto 40) y las esperanzas de la \u00e9pica se desmoronaban.<\/p>\n<p class=\"v-p\">Sin embargo, le cost\u00f3 cerrar el partido al Abanca Ademar. Los leoneses parec\u00edan bajar el ritmo y Caser\u00edo trataba de hacer la goma (31, 26, en el minuto 50) y demotrar que no hab\u00edan dicho su \u00faltima palabra. Y el tanto de P\u00e9rez de Hinestrosa hizo que una fr\u00eda brisa atravesara el Palacio con el 31-27.<\/p>\n<p class=\"v-p\">Quiso apurar sus \u00faltimas opciones Santi Urdiales y par\u00f3 el choque a cinco del final, con cinco abajo para los suyos, pero el cuadro de Gordo supo gestionar la situaci\u00f3n y no dio m\u00e1s opciones. <\/p>\n<p class=\"v-p\">El Abanca Ademar se impuso por 38-31 y sum\u00f3 su primera victoria en casa a costa del Caser\u00edo. De esta forma, los leoneses se suben al vag\u00f3n de cabeza de la competici\u00f3n.<\/p>\n<p>Reporta un error<\/p>\n","protected":false},"excerpt":{"rendered":"S\u00e1bado, 4 de octubre 2025, 20:14 Llegaba al Urbano Gonz\u00e1lez un debutante en la m\u00e1xima categor\u00eda del balonmano&hellip;\n","protected":false},"author":2,"featured_media":156948,"comment_status":"","ping_status":"","sticky":false,"template":"","format":"standard","meta":{"footnotes":""},"categories":[278],"tags":[6857,5871,376,385,46898,22338,168,25,24,1719,4799,375,23,167,1261],"class_list":{"0":"post-156947","1":"post","2":"type-post","3":"status-publish","4":"format-standard","5":"has-post-thumbnail","7":"category-balonmano","8":"tag-abanca","9":"tag-ademar","10":"tag-balonmano","11":"tag-casa","12":"tag-comanda","13":"tag-comoda","14":"tag-deportes","15":"tag-es","16":"tag-espana","17":"tag-estrena","18":"tag-gonzalo","19":"tag-handball","20":"tag-spain","21":"tag-sports","22":"tag-victoria"},"share_on_mastodon":{"url":"","error":""},"_links":{"self":[{"href":"https:\/\/www.europesays.com\/es\/wp-json\/wp\/v2\/posts\/156947","targetHints":{"allow":["GET"]}}],"collection":[{"href":"https:\/\/www.europesays.com\/es\/wp-json\/wp\/v2\/posts"}],"about":[{"href":"https:\/\/www.europesays.com\/es\/wp-json\/wp\/v2\/types\/post"}],"author":[{"embeddable":true,"href":"https:\/\/www.europesays.com\/es\/wp-json\/wp\/v2\/users\/2"}],"replies":[{"embeddable":true,"href":"https:\/\/www.europesays.com\/es\/wp-json\/wp\/v2\/comments?post=156947"}],"version-history":[{"count":0,"href":"https:\/\/www.europesays.com\/es\/wp-json\/wp\/v2\/posts\/156947\/revisions"}],"wp:featuredmedia":[{"embeddable":true,"href":"https:\/\/www.europesays.com\/es\/wp-json\/wp\/v2\/media\/156948"}],"wp:attachment":[{"href":"https:\/\/www.europesays.com\/es\/wp-json\/wp\/v2\/media?parent=156947"}],"wp:term":[{"taxonomy":"category","embeddable":true,"href":"https:\/\/www.europesays.com\/es\/wp-json\/wp\/v2\/categories?post=156947"},{"taxonomy":"post_tag","embeddable":true,"href":"https:\/\/www.europesays.com\/es\/wp-json\/wp\/v2\/tags?post=156947"}],"curies":[{"name":"wp","href":"https:\/\/api.w.org\/{rel}","templated":true}]}}