{"id":156951,"date":"2025-10-04T19:18:12","date_gmt":"2025-10-04T19:18:12","guid":{"rendered":"https:\/\/www.europesays.com\/es\/156951\/"},"modified":"2025-10-04T19:18:12","modified_gmt":"2025-10-04T19:18:12","slug":"no-se-contestara-el-telefono","status":"publish","type":"post","link":"https:\/\/www.europesays.com\/es\/156951\/","title":{"rendered":"No se contestar\u00e1 el tel\u00e9fono"},"content":{"rendered":"<p class=\"c-paragraph\"><b>Conor McGregor <\/b>lo tiene claro. Estar\u00e1 presente en el gran evento que llevar\u00e1 a cabo la UFC en la Casa Blanca. De hecho, parece que ya tiene un <b>plan de entrenamiento que le permita volver a la competici\u00f3n del m\u00e1s alto nivel<\/b>. Habr\u00e1 quienes lo pongan en duda, pero el irland\u00e9s parece tener su hoja de ruta.<\/p>\n<p class=\"c-paragraph\">As\u00ed lo ha expresado en una conferencia de prensa de una de sus empresas, BKFC, en la que ha detallado incluso el tiempo de entrenamiento. \u00ab<b>Habr\u00e1 un per\u00edodo de aislamiento en el que no se contestar\u00e1 el tel\u00e9fono. Es una operaci\u00f3n de seis meses<\/b>. Se apagar\u00e1 el tel\u00e9fono y se ejecutar\u00e1 el trabajo\u00bb, han sido las palabras del ex campe\u00f3n de UFC.<\/p>\n<p class=\"c-paragraph\">Tomados en serio, seis meses deber\u00edan de ser suficientes para recuperar una forma m\u00ednima. Eso s\u00ed, las MMA, como muchos otros deportes, son muy ingratas y la falta de competici\u00f3n pesa. <b>McGregor lleva cuatro a\u00f1os sin pelear a nivel profesional<\/b>. Su \u00faltimo combate fue contra Dustin Poirier y lo perdi\u00f3 por KO. Ser\u00e1 dif\u00edcil, por tanto, que podamos ver a McGregor en su mejor versi\u00f3n.<\/p>\n<p class=\"c-paragraph\">El estilo de vida del irland\u00e9s, que dista de los h\u00e1bitos saludables y que <b>a menudo se ve envuelto en pol\u00e9micas serias <\/b>(cuando no en juicios), tampoco ayudar\u00e1 a que podamos ver a aquel joven que deslumbr\u00f3 al mundo contra Jos\u00e9 Aldo. De aquello hace ya diez a\u00f1os.<\/p>\n<p class=\"c-paragraph\">UFC, y el propio McGregor, tendr\u00e1n que medir muy bien a qui\u00e9n elige como rival. <b>Lo m\u00e1s probable es que sea Michael Chandler<\/b>, algo que tendr\u00eda sentido, puesto que tambi\u00e9n es un luchador en fase descendente. Eso s\u00ed, deportivamente hablando ser\u00e1 una pelea con poco peso. Casi como cuando juegan los veteranos del f\u00fatbol en partidos amistosos.<\/p>\n","protected":false},"excerpt":{"rendered":"Conor McGregor lo tiene claro. Estar\u00e1 presente en el gran evento que llevar\u00e1 a cabo la UFC en&hellip;\n","protected":false},"author":2,"featured_media":156952,"comment_status":"","ping_status":"","sticky":false,"template":"","format":"standard","meta":{"footnotes":""},"categories":[276],"tags":[4791,168,25,24,743,267,23,167,343],"class_list":{"0":"post-156951","1":"post","2":"type-post","3":"status-publish","4":"format-standard","5":"has-post-thumbnail","7":"category-ufc","8":"tag-boxeo","9":"tag-deportes","10":"tag-es","11":"tag-espana","12":"tag-mma","13":"tag-planseo","14":"tag-spain","15":"tag-sports","16":"tag-ufc"},"share_on_mastodon":{"url":"","error":""},"_links":{"self":[{"href":"https:\/\/www.europesays.com\/es\/wp-json\/wp\/v2\/posts\/156951","targetHints":{"allow":["GET"]}}],"collection":[{"href":"https:\/\/www.europesays.com\/es\/wp-json\/wp\/v2\/posts"}],"about":[{"href":"https:\/\/www.europesays.com\/es\/wp-json\/wp\/v2\/types\/post"}],"author":[{"embeddable":true,"href":"https:\/\/www.europesays.com\/es\/wp-json\/wp\/v2\/users\/2"}],"replies":[{"embeddable":true,"href":"https:\/\/www.europesays.com\/es\/wp-json\/wp\/v2\/comments?post=156951"}],"version-history":[{"count":0,"href":"https:\/\/www.europesays.com\/es\/wp-json\/wp\/v2\/posts\/156951\/revisions"}],"wp:featuredmedia":[{"embeddable":true,"href":"https:\/\/www.europesays.com\/es\/wp-json\/wp\/v2\/media\/156952"}],"wp:attachment":[{"href":"https:\/\/www.europesays.com\/es\/wp-json\/wp\/v2\/media?parent=156951"}],"wp:term":[{"taxonomy":"category","embeddable":true,"href":"https:\/\/www.europesays.com\/es\/wp-json\/wp\/v2\/categories?post=156951"},{"taxonomy":"post_tag","embeddable":true,"href":"https:\/\/www.europesays.com\/es\/wp-json\/wp\/v2\/tags?post=156951"}],"curies":[{"name":"wp","href":"https:\/\/api.w.org\/{rel}","templated":true}]}}