{"id":156967,"date":"2025-10-04T19:36:09","date_gmt":"2025-10-04T19:36:09","guid":{"rendered":"https:\/\/www.europesays.com\/es\/156967\/"},"modified":"2025-10-04T19:36:09","modified_gmt":"2025-10-04T19:36:09","slug":"muere-a-los-23-anos-el-famoso-alpinista-balin-miller-mientras-transmitia-en-directo-su-ascenso-a-el-capitan-en-california","status":"publish","type":"post","link":"https:\/\/www.europesays.com\/es\/156967\/","title":{"rendered":"Muere a los 23 a\u00f1os el famoso alpinista Balin Miller mientras transmit\u00eda en directo su ascenso a El Capit\u00e1n, en California"},"content":{"rendered":"<p class=\"c-paragraph\">El joven alpinista de 23 a\u00f1os Balin Miller ha fallecido este mi\u00e9rcoles mientras realizaba una transmisi\u00f3n en directo de su ascenso <b>a El Capit\u00e1n en el Parque Nacional Yosemite en California.\u00a0<\/b><\/p>\n<p class=\"c-paragraph\">Miller se encontraba transmitiendo en un directo de TikTok su ascenso cuando sufri\u00f3 el tr\u00e1gico accidente mientras sus seguidores lo observaban. <b>El joven escalador hab\u00eda logrado completar el ascenso<\/b>, no obstante, cuando se dispon\u00eda a recuperar su mochila y sus cosas, este se resbal\u00f3 y se precipit\u00f3, tal y como han contado algunos testigos en redes sociales.\u00a0<\/p>\n<p class=\"c-paragraph\">\u00abCon gran pesar debo decirles que\u00a0<b>mi incre\u00edble hijo Balin Miller muri\u00f3 durante un accidente de escalada hoy.<\/b>\u00a0Tengo el coraz\u00f3n destrozado. Lo amo tanto. Quiero despertar de esta horrible pesadilla\u00bb, escribi\u00f3 su madre,\u00a0Jeanine Girard-Moorman, en un comunicado en sus redes sociales.\u00a0<\/p>\n<p class=\"c-paragraph\">Asimismo, el Servicio de Parques Nacionales confirm\u00f3 que\u00a0los guardabosques respondieron de inmediato y <b>ya investigan las causas del accidente.<\/b><\/p>\n<p class=\"c-paragraph\">Miller estaba intentando completar la ruta\u00a0Sea of Dreams, de 2.400 pies (730 metros), en solitario. Aunque utilizaba cuerda, <b>sigue siendo considerado de alto riesgo este tipo de ascenso.\u00a0<\/b><\/p>\n<p class=\"c-paragraph\">El escalador era considerado como una promesa mundial del alpinismo, habiendo completado\u00a0<b>la Slovak Direct del Monte McKinley en Alaska,<\/b>\u00a0una ruta muy complicada que consigui\u00f3 realizar en 56 horas. Tambi\u00e9n complet\u00f3 la\u00a0Reality Bath,\u00a0una escalada en hielo que llevaba\u00a037 a\u00f1os sin que nadie pusiera conseguirlo.\u00a0<\/p>\n<p class=\"c-paragraph\">Las redes sociales se han llenado de mensajes lamentando la muerte del escalador. \u00abTe quiero amigo, todav\u00eda te voy a conseguir esas patatas fritas de Jack Spratts\u00bb, \u00abme siento tan honrado de estar en este post. Te amar\u00e9 siempre\u00bb, \u00aboraciones para tu familia. Habl\u00e9 de ti con todos mis amigos. Les hice saber qui\u00e9n era el siguiente. <b>Moviste monta\u00f1as mientras estabas aqu\u00ed\u00bb, <\/b>han sido algunos de los mensajes de sus seguidores.\u00a0<\/p>\n","protected":false},"excerpt":{"rendered":"El joven alpinista de 23 a\u00f1os Balin Miller ha fallecido este mi\u00e9rcoles mientras realizaba una transmisi\u00f3n en directo&hellip;\n","protected":false},"author":2,"featured_media":156968,"comment_status":"","ping_status":"","sticky":false,"template":"","format":"standard","meta":{"footnotes":""},"categories":[42],"tags":[15093,988,17,18,12725,13,14,11,61,62,63,64,19,20,4417,8938,9,10,15,16,12,21,22,65,66,67],"class_list":{"0":"post-156967","1":"post","2":"type-post","3":"status-publish","4":"format-standard","5":"has-post-thumbnail","7":"category-internacional","8":"tag-15093","9":"tag-anos","10":"tag-breaking-news","11":"tag-breakingnews","12":"tag-famoso","13":"tag-featured-news","14":"tag-featurednews","15":"tag-headlines","16":"tag-internacional","17":"tag-international","18":"tag-international-news","19":"tag-internationalnews","20":"tag-latest-news","21":"tag-latestnews","22":"tag-los","23":"tag-muere","24":"tag-news","25":"tag-noticias","26":"tag-noticias-destacadas","27":"tag-noticiasdestacadas","28":"tag-titulares","29":"tag-ultimas-noticias","30":"tag-ultimasnoticias","31":"tag-world","32":"tag-world-news","33":"tag-worldnews"},"share_on_mastodon":{"url":"","error":""},"_links":{"self":[{"href":"https:\/\/www.europesays.com\/es\/wp-json\/wp\/v2\/posts\/156967","targetHints":{"allow":["GET"]}}],"collection":[{"href":"https:\/\/www.europesays.com\/es\/wp-json\/wp\/v2\/posts"}],"about":[{"href":"https:\/\/www.europesays.com\/es\/wp-json\/wp\/v2\/types\/post"}],"author":[{"embeddable":true,"href":"https:\/\/www.europesays.com\/es\/wp-json\/wp\/v2\/users\/2"}],"replies":[{"embeddable":true,"href":"https:\/\/www.europesays.com\/es\/wp-json\/wp\/v2\/comments?post=156967"}],"version-history":[{"count":0,"href":"https:\/\/www.europesays.com\/es\/wp-json\/wp\/v2\/posts\/156967\/revisions"}],"wp:featuredmedia":[{"embeddable":true,"href":"https:\/\/www.europesays.com\/es\/wp-json\/wp\/v2\/media\/156968"}],"wp:attachment":[{"href":"https:\/\/www.europesays.com\/es\/wp-json\/wp\/v2\/media?parent=156967"}],"wp:term":[{"taxonomy":"category","embeddable":true,"href":"https:\/\/www.europesays.com\/es\/wp-json\/wp\/v2\/categories?post=156967"},{"taxonomy":"post_tag","embeddable":true,"href":"https:\/\/www.europesays.com\/es\/wp-json\/wp\/v2\/tags?post=156967"}],"curies":[{"name":"wp","href":"https:\/\/api.w.org\/{rel}","templated":true}]}}