{"id":156969,"date":"2025-10-04T19:37:08","date_gmt":"2025-10-04T19:37:08","guid":{"rendered":"https:\/\/www.europesays.com\/es\/156969\/"},"modified":"2025-10-04T19:37:08","modified_gmt":"2025-10-04T19:37:08","slug":"confirmado-en-girona-el-primer-caso-en-espana-de-dermatosis-nodular-contagiosa-en-vacas","status":"publish","type":"post","link":"https:\/\/www.europesays.com\/es\/156969\/","title":{"rendered":"Confirmado en Girona el primer caso en Espa\u00f1a de dermatosis nodular contagiosa en vacas"},"content":{"rendered":"<p class=\"c-paragraph\">El Departamento de Agricultura de la Generalitat ha confirmado un caso de dermatosis nodular contagiosa (DNC) en una granja bovina de la comarca del Alt Empord\u00e0 (Girona),<b> el primero que se localiza en Espa\u00f1a tras constatar la presencia de la enfermedad<\/b>, que no se transmite a humanos, en Francia e Italia.<\/p>\n<p class=\"c-paragraph\">La enfermedad, <b>muy contagiosa entre el ganado bovino <\/b>y de obligada declaraci\u00f3n, est\u00e1 producida por un virus que causa fiebre, n\u00f3dulos en la piel y en las membranas mucosas y \u00f3rganos internos; adem\u00e1s de extenuaci\u00f3n, inflamaci\u00f3n de los n\u00f3dulos linf\u00e1ticos, edema cut\u00e1neo y, en ocasiones, la muerte del animal.<\/p>\n<p class=\"c-paragraph\">La conseller\u00eda de Agricultura, Ganader\u00eda, Pesca y Alimentaci\u00f3n ha informado este s\u00e1bado de que la presencia de la enfermedad en una granja del Alt Empord\u00e0 ha sido confirmada por los an\u00e1lisis realizados en el <b>Laboratorio Central de Veterinaria de Algete (Madrid).<\/b><\/p>\n<p class=\"c-paragraph\">La secretaria general de Agricultura, Cristina Massot, se reuni\u00f3 este viernes con representantes de las organizaciones agrarias para <b>darles a conocer las medidas obligatorias<\/b> que se van a poner en marcha para contener el brote, que est\u00e1 previsto que se hagan p\u00fablicas este mismo s\u00e1bado.<\/p>\n<p class=\"c-paragraph\">De acuerdo con las normas europeas,<b> Agricultura ha activado ya los protocolos en la explotaci\u00f3n afectada<\/b> y ha puesto en marcha los controles estipulados alrededor de la zona donde se ha producido el foco para evitar que se propague a explotaciones cercanas.<\/p>\n<p class=\"c-paragraph\">Se trata del primer caso de DNC que se localiza en Espa\u00f1a, despu\u00e9s de que se hayan notificado <b>67 focos en Francia y 47 en Italia.<\/b><\/p>\n<p class=\"c-paragraph\">El contagio es \u00fanicamente entre animales, <b>de forma directa o a trav\u00e9s de mosquitos o garrapatas<\/b>, y no se transmite a personas ni por contagio ni mediante el consumo de productos procedentes del ganado afectado, ha informado Agricultura.<\/p>\n","protected":false},"excerpt":{"rendered":"El Departamento de Agricultura de la Generalitat ha confirmado un caso de dermatosis nodular contagiosa (DNC) en una&hellip;\n","protected":false},"author":2,"featured_media":156970,"comment_status":"","ping_status":"","sticky":false,"template":"","format":"standard","meta":{"footnotes":""},"categories":[8],"tags":[17,18,6985,8723,25,24,13,14,1147,11,19,20,9,10,15,16,977,23,12,21,22],"class_list":{"0":"post-156969","1":"post","2":"type-post","3":"status-publish","4":"format-standard","5":"has-post-thumbnail","7":"category-espana","8":"tag-breaking-news","9":"tag-breakingnews","10":"tag-caso","11":"tag-confirmado","12":"tag-es","13":"tag-espana","14":"tag-featured-news","15":"tag-featurednews","16":"tag-girona","17":"tag-headlines","18":"tag-latest-news","19":"tag-latestnews","20":"tag-news","21":"tag-noticias","22":"tag-noticias-destacadas","23":"tag-noticiasdestacadas","24":"tag-primer","25":"tag-spain","26":"tag-titulares","27":"tag-ultimas-noticias","28":"tag-ultimasnoticias"},"share_on_mastodon":{"url":"","error":""},"_links":{"self":[{"href":"https:\/\/www.europesays.com\/es\/wp-json\/wp\/v2\/posts\/156969","targetHints":{"allow":["GET"]}}],"collection":[{"href":"https:\/\/www.europesays.com\/es\/wp-json\/wp\/v2\/posts"}],"about":[{"href":"https:\/\/www.europesays.com\/es\/wp-json\/wp\/v2\/types\/post"}],"author":[{"embeddable":true,"href":"https:\/\/www.europesays.com\/es\/wp-json\/wp\/v2\/users\/2"}],"replies":[{"embeddable":true,"href":"https:\/\/www.europesays.com\/es\/wp-json\/wp\/v2\/comments?post=156969"}],"version-history":[{"count":0,"href":"https:\/\/www.europesays.com\/es\/wp-json\/wp\/v2\/posts\/156969\/revisions"}],"wp:featuredmedia":[{"embeddable":true,"href":"https:\/\/www.europesays.com\/es\/wp-json\/wp\/v2\/media\/156970"}],"wp:attachment":[{"href":"https:\/\/www.europesays.com\/es\/wp-json\/wp\/v2\/media?parent=156969"}],"wp:term":[{"taxonomy":"category","embeddable":true,"href":"https:\/\/www.europesays.com\/es\/wp-json\/wp\/v2\/categories?post=156969"},{"taxonomy":"post_tag","embeddable":true,"href":"https:\/\/www.europesays.com\/es\/wp-json\/wp\/v2\/tags?post=156969"}],"curies":[{"name":"wp","href":"https:\/\/api.w.org\/{rel}","templated":true}]}}