{"id":156971,"date":"2025-10-04T19:40:02","date_gmt":"2025-10-04T19:40:02","guid":{"rendered":"https:\/\/www.europesays.com\/es\/156971\/"},"modified":"2025-10-04T19:40:02","modified_gmt":"2025-10-04T19:40:02","slug":"la-tenista-francesa-que-vuelve-tras-su-aumento-de-pecho-no-me-molestan","status":"publish","type":"post","link":"https:\/\/www.europesays.com\/es\/156971\/","title":{"rendered":"La tenista francesa que vuelve tras su aumento de pecho: \u00abNo me molestan\u00bb"},"content":{"rendered":"<p data-mrf-recirculation=\"Links P\u00e1rrafos\" class=\"ue-c-article__paragraph paragraph ue-c-article--first-letter-highlighted\">La tenista francesa\u00a0 <strong>Oc\u00e9ane Dodin, de 29 a\u00f1os, r<\/strong>egres\u00f3 esta semana a la competici\u00f3n tras casi un a\u00f1o alejada de las pistas de tenis. <strong>Un afecci\u00f3n en el o\u00eddo y problemas de v\u00e9rtigo la dejaron fuera de juego desde que disputara en diciembre de 2024 el WTA 125 de Limoges<\/strong>. En este tiempo de baja, ha pasado por el quir\u00f3fano. No lo oculta. Se ha sometido a una operaci\u00f3n de aumento de pecho.<\/p>\n<p data-mrf-recirculation=\"Links P\u00e1rrafos\" class=\"ue-c-article__paragraph paragraph\">\u00abSi voy a parar seis meses, mejor hago lo que quiero. Y prefiero hacerlo ahora que a los 40, cuando habr\u00e9 terminado mi carrera. <strong>Estoy muy contenta de haberlo hecho, no me arrepiento para nada y no me molesta.<\/strong> Todo el mundo me dec\u00eda: \u00abNo vas a poder jugar\u00bb. Como si me hubiera puesto sand\u00edas\u00bb, comenta, entre risas, en una entrevista con RCM Sports.<\/p>\n<blockquote class=\"ue-c-article__blockquote\">\n<p>Debo ser la primera tenista que va a jugar tras un aumento de pecho.\u00a0Todo el mundo me dec\u00eda: \u00abNo vas a poder jugar\u00bb.. como si me hubiera puesto sand\u00edas<\/p>\n<p>Oc\u00e9ane Dodin<\/p><\/blockquote>\n<p><img decoding=\"async\" width=\"1290\" height=\"1612\" class=\"ue-c-article__image lazyload\" alt=\"Oc\u00e9ane Dodin, tras la operaci\u00f3n de aumento de pecho.\" loading=\"lazy\" src=\"https:\/\/www.europesays.com\/es\/wp-content\/uploads\/2025\/10\/68e0fc0493c38.jpeg\"\/><\/p>\n<p>Oc\u00e9ane Dodin, tras la operaci\u00f3n de aumento de pecho.Instagram: @oceane_dodin<\/p>\n<p data-mrf-recirculation=\"Links P\u00e1rrafos\" class=\"ue-c-article__paragraph paragraph\">Dodin, que lleg\u00f3 a ser la 47 del mundo y pisas los octavos de final del Open de Australia en 2024, <strong>reconoce que los problemas de o\u00eddo le acompa\u00f1an desde hace 10 a\u00f1os<\/strong>. Sin que los m\u00e9dicos le den una soluci\u00f3n. \u00abNo se ha resuelto, pero estoy un poco mejor. Me mareo y la cabeza me da vuelta. <strong>Al aire libre y con sol, veo tres pelotas, es muy complicado Donde m\u00e1s c\u00f3moda me siento es en pistas indoor\u00bb<\/strong>, afirma en su vuelta en el ITF de Reims (se retir\u00f3 en cuartos de final cuando iba 6-1 y 3-0 abajo ante su compatriota Manon Leonard).<\/p>\n<blockquote class=\"ue-c-article__blockquote\">\n<p>\u00bfSimona Halep?\u00a0Eran muy, muy grandes. Eso la limit\u00f3<\/p>\n<p>Oc\u00e9ane Dodin<\/p><\/blockquote>\n<p data-mrf-recirculation=\"Links P\u00e1rrafos\" class=\"ue-c-article__paragraph paragraph\">Mientras <strong><a href=\"https:\/\/www.marca.com\/2009\/05\/29\/tenis\/1243589455.html\" target=\"_blank\" rel=\"nofollow noopener\">Simona Halep se oper\u00f3 los pechos en su d\u00eda para reducir su tama\u00f1o<\/a>\u00a0para \u00ab<\/strong>poder moverse mejor por la pista\u00bb, Dodin insiste que a ella el mayor tama\u00f1o de sus senos no le empeoran el rendimiento raqueta en mano: \u00abNo son peque\u00f1os, pero eso no me molesta cuando juego. Hay sujetadores adaptados. En cuanto a Simona Halep, eran muy, muy grandes. Eso la limit\u00f3. Pero s\u00ed, es cierto que debo ser la primera tenista que va a jugar tras un aumento de pecho; tiene que haber una primera vez para todo\u00bb.\u00a0<\/p>\n<p data-mrf-recirculation=\"Links P\u00e1rrafos\" class=\"ue-c-article__paragraph paragraph\"><strong>Dodin se puso en manos de un amigo cirujano<\/strong>. \u00abMe dijo d\u00f3nde ponerme las pr\u00f3tesis para que no me molestaran, c\u00f3mo usar un sujetador para sujetarlas. Todo estaba planeado. Me dijo que no me molestar\u00eda. Si me hubiera dicho lo contrario, no lo habr\u00eda hecho\u00bb, comenta Dodin.\u00a0<\/p>\n","protected":false},"excerpt":{"rendered":"La tenista francesa\u00a0 Oc\u00e9ane Dodin, de 29 a\u00f1os, regres\u00f3 esta semana a la competici\u00f3n tras casi un a\u00f1o&hellip;\n","protected":false},"author":2,"featured_media":156972,"comment_status":"","ping_status":"","sticky":false,"template":"","format":"standard","meta":{"footnotes":""},"categories":[5],"tags":[17,18,25,24,13,14,11,19,20,9,10,15,16,23,12,21,22],"class_list":{"0":"post-156971","1":"post","2":"type-post","3":"status-publish","4":"format-standard","5":"has-post-thumbnail","7":"category-titulares","8":"tag-breaking-news","9":"tag-breakingnews","10":"tag-es","11":"tag-espana","12":"tag-featured-news","13":"tag-featurednews","14":"tag-headlines","15":"tag-latest-news","16":"tag-latestnews","17":"tag-news","18":"tag-noticias","19":"tag-noticias-destacadas","20":"tag-noticiasdestacadas","21":"tag-spain","22":"tag-titulares","23":"tag-ultimas-noticias","24":"tag-ultimasnoticias"},"share_on_mastodon":{"url":"","error":""},"_links":{"self":[{"href":"https:\/\/www.europesays.com\/es\/wp-json\/wp\/v2\/posts\/156971","targetHints":{"allow":["GET"]}}],"collection":[{"href":"https:\/\/www.europesays.com\/es\/wp-json\/wp\/v2\/posts"}],"about":[{"href":"https:\/\/www.europesays.com\/es\/wp-json\/wp\/v2\/types\/post"}],"author":[{"embeddable":true,"href":"https:\/\/www.europesays.com\/es\/wp-json\/wp\/v2\/users\/2"}],"replies":[{"embeddable":true,"href":"https:\/\/www.europesays.com\/es\/wp-json\/wp\/v2\/comments?post=156971"}],"version-history":[{"count":0,"href":"https:\/\/www.europesays.com\/es\/wp-json\/wp\/v2\/posts\/156971\/revisions"}],"wp:featuredmedia":[{"embeddable":true,"href":"https:\/\/www.europesays.com\/es\/wp-json\/wp\/v2\/media\/156972"}],"wp:attachment":[{"href":"https:\/\/www.europesays.com\/es\/wp-json\/wp\/v2\/media?parent=156971"}],"wp:term":[{"taxonomy":"category","embeddable":true,"href":"https:\/\/www.europesays.com\/es\/wp-json\/wp\/v2\/categories?post=156971"},{"taxonomy":"post_tag","embeddable":true,"href":"https:\/\/www.europesays.com\/es\/wp-json\/wp\/v2\/tags?post=156971"}],"curies":[{"name":"wp","href":"https:\/\/api.w.org\/{rel}","templated":true}]}}