{"id":156973,"date":"2025-10-04T19:41:09","date_gmt":"2025-10-04T19:41:09","guid":{"rendered":"https:\/\/www.europesays.com\/es\/156973\/"},"modified":"2025-10-04T19:41:09","modified_gmt":"2025-10-04T19:41:09","slug":"el-trasmapi-hc-eivissa-vence-en-su-visita-al-feudo-del-sinfin","status":"publish","type":"post","link":"https:\/\/www.europesays.com\/es\/156973\/","title":{"rendered":"El Trasmapi HC Eivissa vence en su visita al feudo del Sinf\u00edn"},"content":{"rendered":"<p class=\"ft-text\">El Trasmapi HC Eivissa sigue de dulce en la temporada 2025-2026. El equipo ibicenco hizo gala de un gran juego y se impuso con solvencia en tierras c\u00e1ntabras (29-36), en su visita al siempre complicado feudo del Blendio Sinf\u00edn Santander, uno de los te\u00f3ricos favoritos para ascender a la Liga Asobal. Con este triunfo, el tercero en cuatro jornadas ligueras, el conjunto entrenado por Eugenio Tilves se ubica en la parte alta de la tabla clasificatoria de Divisi\u00f3n de Honor Plata.<\/p>\n<p class=\"ft-text\">El cuadro pitiuso afrontaba el duelo ante el Sinf\u00edn tras el trabajado triunfo cosechado la semana pasada en el pabell\u00f3n de Es Pratet (30-27) frente a uno de los colosos de la competici\u00f3n: el Bar\u00e7a Atl\u00e8tic. Los ibicencos quer\u00edan prolongar su buena din\u00e1mica y, aunque el reto no era nada f\u00e1cil, el club naranja hizo los deberes a la perfecci\u00f3n desde el minuto uno. Los pupilos de Eugenio Tilves fueron superiores a su contrincante durante todo el partido y, de hecho, no estuvieron por debajo en el marcador en ning\u00fan momento.<\/p>\n<p class=\"ft-text\">Para este encuentro, Tilves no pudo contar con Santi C\u00e1nepa, Dani Bern\u00e1rdez, Edu Ortiz ni Karlos Rubio. A pesar de las m\u00faltiples bajas, a las que se sum\u00f3 la del capit\u00e1n Vicente Sancho \u2014que se retir\u00f3 del choque por lesi\u00f3n\u2014, el equipo isle\u00f1o tir\u00f3 de garra y dobleg\u00f3 al Sinf\u00edn.<\/p>\n<p class=\"ft-text\">Aunque el Trasmapi brill\u00f3 a nivel colectivo, dos jugadores sobresalieron especialmente: Fernando Gonz\u00e1lez y Marc Ferr\u00e9. Los j\u00f3venes centrales del equipo, incorporados al club el pasado mercado veraniego, tiraron del carro y anotaron ocho y siete goles, respectivamente.<\/p>\n<p class=\"ft-text\">En cuanto al desarrollo del encuentro, este tuvo un comienzo marcado por la enorme igualdad entre los dos equipos. El resultado en el minuto cinco era de tan solo 0-1. Sin embargo, los de Tilves no tardaron en poner tierra de por medio en el polideportivo de La Albericia. Los ibicencos aceleraron y, en el minuto 23, disfrutaban de una c\u00f3moda ventaja de ocho tantos (5-13).<\/p>\n<p class=\"ft-text\">Con el paso de los minutos, el conjunto c\u00e1ntabro redujo distancias y lleg\u00f3 al descanso con un global de 10-14.<\/p>\n<p class=\"ft-text\">Los visitantes, conscientes de lo mucho que hab\u00eda en juego, no aflojaron el pie del acelerador. Los locales nunca llegaron a meterse de lleno en el duelo \u2014salvo en el minuto 50, cuando el marcador reflejaba un 22-25\u2014 debido al excelente hacer del Trasmapi, que mostr\u00f3 una gran solidez defensiva y, al mismo tiempo, una notable eficacia en ataque.<\/p>\n<p class=\"ft-text\">Tras este triunfo, el cuadro naranja mantiene el pleno de victorias como visitante, ya que en su primer desplazamiento de la temporada gole\u00f3 (29-40) al reci\u00e9n ascendido Balonmano Soria.<\/p>\n<p class=\"ft-text\">El pr\u00f3ximo s\u00e1bado 11 de octubre, a las 20 horas, el Trasmapi buscar\u00e1 prolongar su buena racha en casa ante el Balonmano Servigroup Benidorm.<\/p>\n","protected":false},"excerpt":{"rendered":"El Trasmapi HC Eivissa sigue de dulce en la temporada 2025-2026. El equipo ibicenco hizo gala de un&hellip;\n","protected":false},"author":2,"featured_media":156974,"comment_status":"","ping_status":"","sticky":false,"template":"","format":"standard","meta":{"footnotes":""},"categories":[278],"tags":[376,168,8656,11809,25,24,375,11808,23,167,11573,44348,5146,938],"class_list":{"0":"post-156973","1":"post","2":"type-post","3":"status-publish","4":"format-standard","5":"has-post-thumbnail","7":"category-balonmano","8":"tag-balonmano","9":"tag-deportes","10":"tag-division-de-honor-plata","11":"tag-eivissa","12":"tag-es","13":"tag-espana","14":"tag-handball","15":"tag-hc","16":"tag-spain","17":"tag-sports","18":"tag-trasmapi","19":"tag-trasmapi-hc-eivissa","20":"tag-vence","21":"tag-visita"},"share_on_mastodon":{"url":"","error":""},"_links":{"self":[{"href":"https:\/\/www.europesays.com\/es\/wp-json\/wp\/v2\/posts\/156973","targetHints":{"allow":["GET"]}}],"collection":[{"href":"https:\/\/www.europesays.com\/es\/wp-json\/wp\/v2\/posts"}],"about":[{"href":"https:\/\/www.europesays.com\/es\/wp-json\/wp\/v2\/types\/post"}],"author":[{"embeddable":true,"href":"https:\/\/www.europesays.com\/es\/wp-json\/wp\/v2\/users\/2"}],"replies":[{"embeddable":true,"href":"https:\/\/www.europesays.com\/es\/wp-json\/wp\/v2\/comments?post=156973"}],"version-history":[{"count":0,"href":"https:\/\/www.europesays.com\/es\/wp-json\/wp\/v2\/posts\/156973\/revisions"}],"wp:featuredmedia":[{"embeddable":true,"href":"https:\/\/www.europesays.com\/es\/wp-json\/wp\/v2\/media\/156974"}],"wp:attachment":[{"href":"https:\/\/www.europesays.com\/es\/wp-json\/wp\/v2\/media?parent=156973"}],"wp:term":[{"taxonomy":"category","embeddable":true,"href":"https:\/\/www.europesays.com\/es\/wp-json\/wp\/v2\/categories?post=156973"},{"taxonomy":"post_tag","embeddable":true,"href":"https:\/\/www.europesays.com\/es\/wp-json\/wp\/v2\/tags?post=156973"}],"curies":[{"name":"wp","href":"https:\/\/api.w.org\/{rel}","templated":true}]}}