{"id":156975,"date":"2025-10-04T19:42:08","date_gmt":"2025-10-04T19:42:08","guid":{"rendered":"https:\/\/www.europesays.com\/es\/156975\/"},"modified":"2025-10-04T19:42:08","modified_gmt":"2025-10-04T19:42:08","slug":"fuerte-voltereta-a-david-de-miranda-a-la-enfermeria-de-las-rozas-por-un-posible-traumatismo-lumbar","status":"publish","type":"post","link":"https:\/\/www.europesays.com\/es\/156975\/","title":{"rendered":"Fuerte voltereta a David de Miranda, a la enfermer\u00eda de Las Rozas por un posible traumatismo lumbar"},"content":{"rendered":"<p><strong>David de Miranda<\/strong> fue atendido en la enfermer\u00eda de la plaza de toros de Las Rozas por un posible traumatismo lumbar pendiente de estudio radiol\u00f3gico. El onubense fue volteado con dureza por el quinto toro de Garc\u00eda Jim\u00e9nez, del que acab\u00f3 paseando dos orejas.\u00a0Tras pasear los trofeos, se fue por su propio pie a la enfermer\u00eda, donde fue atendido.<\/p>\n","protected":false},"excerpt":{"rendered":"David de Miranda fue atendido en la enfermer\u00eda de la plaza de toros de Las Rozas por un&hellip;\n","protected":false},"author":2,"featured_media":156976,"comment_status":"","ping_status":"","sticky":false,"template":"","format":"standard","meta":{"footnotes":""},"categories":[277],"tags":[45,373,12896,168,25,24,46904,23,167,374,20415],"class_list":{"0":"post-156975","1":"post","2":"type-post","3":"status-publish","4":"format-standard","5":"has-post-thumbnail","7":"category-toreo","8":"tag-45","9":"tag-bullfighting","10":"tag-david-de-miranda","11":"tag-deportes","12":"tag-es","13":"tag-espana","14":"tag-las-rozas","15":"tag-spain","16":"tag-sports","17":"tag-toreo","18":"tag-voltereta"},"share_on_mastodon":{"url":"","error":""},"_links":{"self":[{"href":"https:\/\/www.europesays.com\/es\/wp-json\/wp\/v2\/posts\/156975","targetHints":{"allow":["GET"]}}],"collection":[{"href":"https:\/\/www.europesays.com\/es\/wp-json\/wp\/v2\/posts"}],"about":[{"href":"https:\/\/www.europesays.com\/es\/wp-json\/wp\/v2\/types\/post"}],"author":[{"embeddable":true,"href":"https:\/\/www.europesays.com\/es\/wp-json\/wp\/v2\/users\/2"}],"replies":[{"embeddable":true,"href":"https:\/\/www.europesays.com\/es\/wp-json\/wp\/v2\/comments?post=156975"}],"version-history":[{"count":0,"href":"https:\/\/www.europesays.com\/es\/wp-json\/wp\/v2\/posts\/156975\/revisions"}],"wp:featuredmedia":[{"embeddable":true,"href":"https:\/\/www.europesays.com\/es\/wp-json\/wp\/v2\/media\/156976"}],"wp:attachment":[{"href":"https:\/\/www.europesays.com\/es\/wp-json\/wp\/v2\/media?parent=156975"}],"wp:term":[{"taxonomy":"category","embeddable":true,"href":"https:\/\/www.europesays.com\/es\/wp-json\/wp\/v2\/categories?post=156975"},{"taxonomy":"post_tag","embeddable":true,"href":"https:\/\/www.europesays.com\/es\/wp-json\/wp\/v2\/tags?post=156975"}],"curies":[{"name":"wp","href":"https:\/\/api.w.org\/{rel}","templated":true}]}}