{"id":156977,"date":"2025-10-04T19:43:12","date_gmt":"2025-10-04T19:43:12","guid":{"rendered":"https:\/\/www.europesays.com\/es\/156977\/"},"modified":"2025-10-04T19:43:12","modified_gmt":"2025-10-04T19:43:12","slug":"evento-de-boxeo-en-brasil-termina-en-batalla-campal-exestrella-de-la-ufc-queda-inconsciente-tras-ser-noqueado-en-el-ring-por-alguien-ajeno-a-la-pelea","status":"publish","type":"post","link":"https:\/\/www.europesays.com\/es\/156977\/","title":{"rendered":"Evento de boxeo en Brasil termina en batalla campal; exestrella de la UFC queda inconsciente tras ser noqueado en el ring por alguien ajeno a la pelea"},"content":{"rendered":"<p>La segunda edici\u00f3n de Spaten Fight Night, realizada el s\u00e1bado por la noche en S\u00e3o Paulo, Brasil, termin\u00f3 en un esc\u00e1ndalo tras la descalificaci\u00f3n del exluchador de UFC Wanderlei Silva <b>y una pelea multitudinaria que se desat\u00f3 en el ring.<\/b> El exboxeador y tetracampe\u00f3n mundial Acelino &#8216;Pop\u00f3&#8217; Freitas fue su rival en el combate principal.<\/p>\n<p class=\"c-leatambien__titulo\"> LEA TAMBI\u00c9N <\/p>\n<p><img decoding=\"async\" alt=\"Mujer brasile\u00f1a revela el infierno que vivi\u00f3 como v\u00edctima de Jeffrey Epstein\" width=\"120\" height=\"120\" loading=\"lazy\" src=\"https:\/\/imagenes2.eltiempo.com\/files\/image_120_120\/files\/fp\/uploads\/2025\/09\/29\/68daaf53567c6.r_d.200-131.png\" data-full-src=\"https:\/\/www.europesays.com\/es\/wp-content\/uploads\/2025\/10\/68daaf53567c6.png\"\/><\/p>\n<p class=\"c-cuerpo__media__txt\">Wanderlei Silva fue noqueado en el tumulto y perdi\u00f3 el conocimiento. Foto:Redes sociales<\/p>\n<p>Descalificaci\u00f3n y tensi\u00f3n en el ring<\/p>\n<p>El enfrentamiento estaba pactado a ocho asaltos, pero se interrumpi\u00f3 en el cuarto.<b> El \u00e1rbitro descont\u00f3 tres puntos consecutivos a Silva por infracciones,<\/b> entre ellas cabezazos e intentos de inmovilizaci\u00f3n, lo que llev\u00f3 a su descalificaci\u00f3n inmediata.\u00a0<\/p>\n<p>Mientras Freitas celebraba, integrantes de ambos equipos invadieron el cuadril\u00e1tero y comenzaron las agresiones.<\/p>\n<p>Wanderlei Silva noqueado en el tumulto<\/p>\n<p>En medio de la confusi\u00f3n, <b>Silva, de 49 a\u00f1os, recibi\u00f3 un derechazo en el ment\u00f3n que lo dej\u00f3 inconsciente durante cuatro minuto<\/b>s, seg\u00fan muestran videos difundidos en redes sociales.\u00a0<\/p>\n<p>Fue atendido por su esquina, que inclu\u00eda al tambi\u00e9n excampe\u00f3n de UFC Fabr\u00edcio Werdum, y retirado en camilla. Posteriormente fue trasladado en ambulancia al hospital S\u00e3o Luiz en la zona sur de S\u00e3o Paulo.<\/p>\n<p>De acuerdo con su representante, <b>Silva recobr\u00f3 la conciencia en el estadio y permaneci\u00f3 en observaci\u00f3n m\u00e9dica durante m\u00e1s de cuatro horas.<\/b> Los estudios descartaron lesiones en la cabeza o la columna cervical, aunque recibi\u00f3 algunos puntos de sutura. Fue dado de alta esa misma noche.<\/p>\n<p class=\"c-leatambien__titulo\"> LEA TAMBI\u00c9N <\/p>\n<p><img decoding=\"async\" alt=\"Luiz Fernando Ferraz, director de la serie Expediente Chapec\u00f3\" width=\"120\" height=\"120\" loading=\"lazy\" src=\"https:\/\/imagenes2.eltiempo.com\/files\/image_120_120\/files\/fp\/uploads\/2025\/09\/27\/68d7f48feab04.r_d.800-450.jpeg\" data-full-src=\"https:\/\/www.europesays.com\/es\/wp-content\/uploads\/2025\/10\/68d7f48feab04.jpeg\"\/>Un combate cargado de fricciones<\/p>\n<p>El duelo hab\u00eda comenzado con roces. Silva intent\u00f3 llevar a Pop\u00f3 contra las cuerdas, pero incurri\u00f3 en repetidas faltas: un resbal\u00f3n en el segundo round, golpes fuera de reglamento y cabezazos que provocaron la intervenci\u00f3n del \u00e1rbitro.\u00a0<\/p>\n<p>En el tercer round, ambos se golpearon despu\u00e9s de la campana, y en el cuarto las acciones se desordenaron hasta desembocar en la descalificaci\u00f3n.<\/p>\n<p>Originalmente, <b>el combate estaba programado entre Silva y Vitor Belfort, otro hist\u00f3rico del MMA brasile\u00f1o<\/b>, pero una lesi\u00f3n de Belfort oblig\u00f3 a reemplazarlo por Freitas.<\/p>\n<p>Reacciones tras el incidente<\/p>\n<p>En conferencia de prensa, Pop\u00f3 Freitas pidi\u00f3 disculpas al p\u00fablico:\u00a0\u201cNo vine aqu\u00ed a causar problemas, vine a dar un espect\u00e1culo. Si Wanderlei me dio un cabezazo o un codazo, eso era entre \u00e9l y yo. Ni mi equipo ni el suyo debieron involucrarse. El \u00e1rbitro est\u00e1 aqu\u00ed para decidir. Pido perd\u00f3n, vine a dar lo mejor de m\u00ed\u201d.<\/p>\n<p class=\"c-cuerpo__media__txt\">El ex UFC estuvo cuatro minutos inconsciente y fue retirado en camilla. Foto:Redes sociales<\/p>\n<p class=\"c-leatambien__titulo\"> LEA TAMBI\u00c9N <\/p>\n<p><img decoding=\"async\" alt=\"Ni\u00f1o fue picado por un alacr\u00e1n en guarder\u00eda de Brasil y las clases fueron suspendidas: \u2018Tem\u00edamos lo peor\u2019\" width=\"120\" height=\"120\" loading=\"lazy\" src=\"https:\/\/imagenes2.eltiempo.com\/files\/image_120_120\/files\/fp\/uploads\/2025\/09\/25\/68d5639f372b5.r_d.1050-172.png\" data-full-src=\"https:\/\/www.europesays.com\/es\/wp-content\/uploads\/2025\/10\/68d5639f372b5.png\"\/><\/p>\n<p>La empresa cervecera Spaten, patrocinadora del evento, emiti\u00f3 un comunicado en el que rechaz\u00f3 los hechos:\u00a0\u201cCreemos que el esp\u00edritu deportivo y el respeto a las reglas deben prevalecer siempre. Reprobamos lo ocurrido tras el final del \u00faltimo combate, que no representa esos principios. Seguiremos trabajando para apoyar y elevar los valores del deporte y de las artes marciales\u201d.<\/p>\n<p>La Naci\u00f3n (Argentina) \/ GDA<\/p>\n<p>M\u00e1s noticias en EL TIEMPO<\/p>\n<p>*Este contenido fue reescrito con la asistencia de una inteligencia artificial, basado en informaci\u00f3n de La Naci\u00f3n, y cont\u00f3 con la revisi\u00f3n de un periodista y un editor.<\/p>\n","protected":false},"excerpt":{"rendered":"La segunda edici\u00f3n de Spaten Fight Night, realizada el s\u00e1bado por la noche en S\u00e3o Paulo, Brasil, termin\u00f3&hellip;\n","protected":false},"author":2,"featured_media":156978,"comment_status":"","ping_status":"","sticky":false,"template":"","format":"standard","meta":{"footnotes":""},"categories":[276],"tags":[4791,3216,3008,168,420,25,24,933,23,167,343],"class_list":{"0":"post-156977","1":"post","2":"type-post","3":"status-publish","4":"format-standard","5":"has-post-thumbnail","7":"category-ufc","8":"tag-boxeo","9":"tag-brasil","10":"tag-de","11":"tag-deportes","12":"tag-en","13":"tag-es","14":"tag-espana","15":"tag-evento","16":"tag-spain","17":"tag-sports","18":"tag-ufc"},"share_on_mastodon":{"url":"","error":""},"_links":{"self":[{"href":"https:\/\/www.europesays.com\/es\/wp-json\/wp\/v2\/posts\/156977","targetHints":{"allow":["GET"]}}],"collection":[{"href":"https:\/\/www.europesays.com\/es\/wp-json\/wp\/v2\/posts"}],"about":[{"href":"https:\/\/www.europesays.com\/es\/wp-json\/wp\/v2\/types\/post"}],"author":[{"embeddable":true,"href":"https:\/\/www.europesays.com\/es\/wp-json\/wp\/v2\/users\/2"}],"replies":[{"embeddable":true,"href":"https:\/\/www.europesays.com\/es\/wp-json\/wp\/v2\/comments?post=156977"}],"version-history":[{"count":0,"href":"https:\/\/www.europesays.com\/es\/wp-json\/wp\/v2\/posts\/156977\/revisions"}],"wp:featuredmedia":[{"embeddable":true,"href":"https:\/\/www.europesays.com\/es\/wp-json\/wp\/v2\/media\/156978"}],"wp:attachment":[{"href":"https:\/\/www.europesays.com\/es\/wp-json\/wp\/v2\/media?parent=156977"}],"wp:term":[{"taxonomy":"category","embeddable":true,"href":"https:\/\/www.europesays.com\/es\/wp-json\/wp\/v2\/categories?post=156977"},{"taxonomy":"post_tag","embeddable":true,"href":"https:\/\/www.europesays.com\/es\/wp-json\/wp\/v2\/tags?post=156977"}],"curies":[{"name":"wp","href":"https:\/\/api.w.org\/{rel}","templated":true}]}}