{"id":156981,"date":"2025-10-04T19:49:26","date_gmt":"2025-10-04T19:49:26","guid":{"rendered":"https:\/\/www.europesays.com\/es\/156981\/"},"modified":"2025-10-04T19:49:26","modified_gmt":"2025-10-04T19:49:26","slug":"odriozola-vuelve-a-jugar-con-la-real-ocho-meses-despues-y-marca-a-la-media-hora-de-partido","status":"publish","type":"post","link":"https:\/\/www.europesays.com\/es\/156981\/","title":{"rendered":"Odriozola vuelve a jugar con la Real ocho meses despu\u00e9s y marca a la media hora de partido"},"content":{"rendered":"<p>Cuando la defensa est\u00e1 cogida con alfileres, cualquier imprevisto trunca los planes. Y es lo que ha sucedido en los proleg\u00f3menos del Barcelona-Real Sociedad.  &#8230; Sergio Francisco ha alineado a Jon Mikel Aramburu para medirse al cuadro cul\u00e9 a pesar de la carga que lleva el venezolano porque, con Aritz Elustondo y Rup\u00e9rez lesionados, no ten\u00eda una alternativa en la que confiar. Sin embargo, Aramburu ha sentido molestias en la rodilla izquierda a veinte minutos del inicio del encuentro y el t\u00e9cnico irundarra no ha tenido alternativa: \u00c1lvaro Odriozola.<\/p>\n<p class=\"v-p\">El lateral derecho donostiarra tan solo ha jugado 50 minutos a las \u00f3rdenes de Sergio Francisco, y fue en pretemporada contra el Pau FC, el primero del verano, el 18 de julio. Desde entonces, no ha dispuesto de minutos y tampoco pudo encontrar una salida del club, por lo que debutar\u00e1 en Montjuic. <\/p>\n<p class=\"v-p\">Odriozola no juega con la Real en un partido oficial desde el 30 de enero, contra el PAOK en la Europa League. Igualmente, el defensa ha conseguido anotar un gol a la media hora de partido, d\u00e1ndole la ventaja a la Real en el inicio contra los cul\u00e9s. <\/p>\n","protected":false},"excerpt":{"rendered":"Cuando la defensa est\u00e1 cogida con alfileres, cualquier imprevisto trunca los planes. Y es lo que ha sucedido&hellip;\n","protected":false},"author":2,"featured_media":156982,"comment_status":"","ping_status":"","sticky":false,"template":"","format":"standard","meta":{"footnotes":""},"categories":[268],"tags":[168,987,25,24,280,282,7532,1140,6983,46907,798,281,23,167,739],"class_list":{"0":"post-156981","1":"post","2":"type-post","3":"status-publish","4":"format-standard","5":"has-post-thumbnail","7":"category-futbol","8":"tag-deportes","9":"tag-despues","10":"tag-es","11":"tag-espana","12":"tag-football","13":"tag-futbol","14":"tag-jugar","15":"tag-meses","16":"tag-nueve","17":"tag-odriozola","18":"tag-real","19":"tag-soccer","20":"tag-spain","21":"tag-sports","22":"tag-vuelve"},"share_on_mastodon":{"url":"","error":""},"_links":{"self":[{"href":"https:\/\/www.europesays.com\/es\/wp-json\/wp\/v2\/posts\/156981","targetHints":{"allow":["GET"]}}],"collection":[{"href":"https:\/\/www.europesays.com\/es\/wp-json\/wp\/v2\/posts"}],"about":[{"href":"https:\/\/www.europesays.com\/es\/wp-json\/wp\/v2\/types\/post"}],"author":[{"embeddable":true,"href":"https:\/\/www.europesays.com\/es\/wp-json\/wp\/v2\/users\/2"}],"replies":[{"embeddable":true,"href":"https:\/\/www.europesays.com\/es\/wp-json\/wp\/v2\/comments?post=156981"}],"version-history":[{"count":0,"href":"https:\/\/www.europesays.com\/es\/wp-json\/wp\/v2\/posts\/156981\/revisions"}],"wp:featuredmedia":[{"embeddable":true,"href":"https:\/\/www.europesays.com\/es\/wp-json\/wp\/v2\/media\/156982"}],"wp:attachment":[{"href":"https:\/\/www.europesays.com\/es\/wp-json\/wp\/v2\/media?parent=156981"}],"wp:term":[{"taxonomy":"category","embeddable":true,"href":"https:\/\/www.europesays.com\/es\/wp-json\/wp\/v2\/categories?post=156981"},{"taxonomy":"post_tag","embeddable":true,"href":"https:\/\/www.europesays.com\/es\/wp-json\/wp\/v2\/tags?post=156981"}],"curies":[{"name":"wp","href":"https:\/\/api.w.org\/{rel}","templated":true}]}}