{"id":156985,"date":"2025-10-04T19:52:07","date_gmt":"2025-10-04T19:52:07","guid":{"rendered":"https:\/\/www.europesays.com\/es\/156985\/"},"modified":"2025-10-04T19:52:07","modified_gmt":"2025-10-04T19:52:07","slug":"el-libro-que-rompe-la-imagen-oscura-de-la-edad-media-y-descubre-un-mundo-globalizado-y-viajero","status":"publish","type":"post","link":"https:\/\/www.europesays.com\/es\/156985\/","title":{"rendered":"El libro que rompe la imagen oscura de la Edad Media y descubre un mundo \u201cglobalizado y viajero\u201d"},"content":{"rendered":"<p class=\"article-text\">\n        Parece mentira, pero <a href=\"https:\/\/www.eldiario.es\/cultura\/seb-falk-historiador-edad-media-hubo-creencias-ridiculas-hoy-hay-piensa-vacunas-no-funcionan_1_11645213.html\" data-mrf-recirculation=\"links-noticia\" class=\"link\" rel=\"nofollow noopener\" target=\"_blank\">en la Edad Media<\/a> la gente viajaba mucho m\u00e1s de lo que tendemos a pensar a partir de los t\u00f3picos sobre la \u00e9poca. Esta constataci\u00f3n fue tambi\u00e9n una sorpresa para el historiador brit\u00e1nico Anthony Bale, uno de los mayores expertos en el periodo entre los a\u00f1os 1000 y 1500, que ahora se\u00f1ala que \u201cel medievo ya empezaba a configurar un mundo globalizado con una multitud de viajeros, desde los peregrinos a los comerciantes pasando por diplom\u00e1ticos, soldados, aventureros o turistas de entonces\u201d. El Camino de Santiago, la Ruta de la Seda, las expediciones hasta Jerusal\u00e9n o Constantinopla, la fascinaci\u00f3n por Roma o los viajes al Extremo Oriente atrajeron, a pesar de dificultades y peligros, a millones de personas.\n    <\/p>\n<p class=\"article-text\">\n        Tras 15 a\u00f1os de investigaci\u00f3n, este profesor de Literatura Medieval en Cambridge ha buceado en manuscritos y mapas, en cr\u00f3nicas de viajes y en gu\u00edas, en relatos ciertos o inventados, para ofrecer un original friso de la Edad Media en un libro traducido ya a 20 idiomas. Desde esa perspectiva no duda Bale en afirmar que \u201clas peregrinaciones medievales fueron entonces, como hoy, una mezcla de religi\u00f3n y negocio\u201d.\u00a0\n    <\/p>\n","protected":false},"excerpt":{"rendered":"Parece mentira, pero en la Edad Media la gente viajaba mucho m\u00e1s de lo que tendemos a pensar&hellip;\n","protected":false},"author":2,"featured_media":156986,"comment_status":"","ping_status":"","sticky":false,"template":"","format":"standard","meta":{"footnotes":""},"categories":[172],"tags":[224,16443,1387,146,147,25,24,46908,1157,1496,225,2750,3013,35432,105,23,21343],"class_list":{"0":"post-156985","1":"post","2":"type-post","3":"status-publish","4":"format-standard","5":"has-post-thumbnail","7":"category-libros","8":"tag-books","9":"tag-descubre","10":"tag-edad","11":"tag-entertainment","12":"tag-entretenimiento","13":"tag-es","14":"tag-espana","15":"tag-globalizado","16":"tag-imagen","17":"tag-libro","18":"tag-libros","19":"tag-media","20":"tag-mundo","21":"tag-oscura","22":"tag-rompe","23":"tag-spain","24":"tag-viajero"},"share_on_mastodon":{"url":"","error":""},"_links":{"self":[{"href":"https:\/\/www.europesays.com\/es\/wp-json\/wp\/v2\/posts\/156985","targetHints":{"allow":["GET"]}}],"collection":[{"href":"https:\/\/www.europesays.com\/es\/wp-json\/wp\/v2\/posts"}],"about":[{"href":"https:\/\/www.europesays.com\/es\/wp-json\/wp\/v2\/types\/post"}],"author":[{"embeddable":true,"href":"https:\/\/www.europesays.com\/es\/wp-json\/wp\/v2\/users\/2"}],"replies":[{"embeddable":true,"href":"https:\/\/www.europesays.com\/es\/wp-json\/wp\/v2\/comments?post=156985"}],"version-history":[{"count":0,"href":"https:\/\/www.europesays.com\/es\/wp-json\/wp\/v2\/posts\/156985\/revisions"}],"wp:featuredmedia":[{"embeddable":true,"href":"https:\/\/www.europesays.com\/es\/wp-json\/wp\/v2\/media\/156986"}],"wp:attachment":[{"href":"https:\/\/www.europesays.com\/es\/wp-json\/wp\/v2\/media?parent=156985"}],"wp:term":[{"taxonomy":"category","embeddable":true,"href":"https:\/\/www.europesays.com\/es\/wp-json\/wp\/v2\/categories?post=156985"},{"taxonomy":"post_tag","embeddable":true,"href":"https:\/\/www.europesays.com\/es\/wp-json\/wp\/v2\/tags?post=156985"}],"curies":[{"name":"wp","href":"https:\/\/api.w.org\/{rel}","templated":true}]}}