{"id":156990,"date":"2025-10-04T19:58:11","date_gmt":"2025-10-04T19:58:11","guid":{"rendered":"https:\/\/www.europesays.com\/es\/156990\/"},"modified":"2025-10-04T19:58:11","modified_gmt":"2025-10-04T19:58:11","slug":"kiko-jimenez-saca-a-la-luz-uno-de-sus-mayores-complejos-con-su-ultimo-retoque","status":"publish","type":"post","link":"https:\/\/www.europesays.com\/es\/156990\/","title":{"rendered":"Kiko Jim\u00e9nez saca a la luz uno de sus mayores complejos con su \u00faltimo retoque"},"content":{"rendered":"<p data-journey-content=\"true\" data-node-id=\"3\" class=\"css-6wxqfj emevuu60\"><a href=\"https:\/\/www.diezminutos.es\/famosos-corazon\/famosos-espanoles\/a65637466\/cristian-suescun-acusa-kiko-jimenez-responde-abogados\/\" target=\"_blank\" data-vars-ga-outbound-link=\"https:\/\/www.diezminutos.es\/famosos-corazon\/famosos-espanoles\/a65637466\/cristian-suescun-acusa-kiko-jimenez-responde-abogados\/\" data-vars-ga-ux-element=\"Hyperlink\" data-vars-ga-call-to-action=\"Kiko Jim\u00e9nez ha sorprendido a sus seguidores \" data-node-id=\"3.0\" class=\"body-link css-177bzfx emevuu60\" rel=\"nofollow noopener\">Kiko Jim\u00e9nez ha sorprendido a sus seguidores <\/a>con un cambio que no ha pasado desapercibido. <strong data-node-id=\"3.2\">No lo ha contado \u00e9l, sino Sof\u00eda Suescun, quien con una sola imagen ha desatado la curiosidad<\/strong> y las preguntas sobre qu\u00e9 se ha hecho exactamente el exconcursante de realities.<\/p>\n<p data-journey-content=\"true\" data-node-id=\"6\" class=\"css-6wxqfj emevuu60\">Kiko Jim\u00e9nez se ha sometido a un retoque estil\u00edstico y, aunque \u00e9l no lo ha compartido en sus redes, <a href=\"https:\/\/www.diezminutos.es\/famosos-corazon\/famosos-espanoles\/a65878080\/kiko-jimenez-presunta-infidelidad-sofia-suescun-juan-faro-fiesta\/\" target=\"_blank\" data-vars-ga-outbound-link=\"https:\/\/www.diezminutos.es\/famosos-corazon\/famosos-espanoles\/a65878080\/kiko-jimenez-presunta-infidelidad-sofia-suescun-juan-faro-fiesta\/\" data-vars-ga-ux-element=\"Hyperlink\" data-vars-ga-call-to-action=\"su novia Sof\u00eda Suescun nos ha hecho part\u00edcipes \" data-node-id=\"6.1\" class=\"body-link css-177bzfx emevuu60\" rel=\"nofollow noopener\">su novia Sof\u00eda Suescun nos ha hecho part\u00edcipes <\/a>de su paso por el quir\u00f3fano. Un gesto que es muy revelador, sobre todo cuando sabemos cu\u00e1l ha sido el retoque al que se ha sometido. Gracias a una imagen que Sof\u00eda ha compartido hemos podido ver que Kiko ha pasado por quir\u00f3fano para una operaci\u00f3n que cada vez es m\u00e1s com\u00fan en hombres que han superado la treintena: <strong data-node-id=\"6.3\">se ha hecho un injerto capilar.<\/strong><\/p>\n<p><img draggable=\"true\" alt=\"kiko jimenez\" title=\"kiko jimenez\" loading=\"lazy\" width=\"1640\" height=\"2914\" decoding=\"async\" data-nimg=\"1\" style=\"color:transparent;width:100%;height:auto;\"   src=\"https:\/\/www.europesays.com\/es\/wp-content\/uploads\/2025\/10\/kikojimenez-implante-capilar-68e0e9deaa8fa.jpg\" class=\"css-0 e1g79fud0\"\/><\/p>\n<p>Instagram<\/p>\n<p data-journey-content=\"true\" data-node-id=\"9\" class=\"css-6wxqfj emevuu60\">La operaci\u00f3n ha sido tan inesperada, que Sof\u00eda Suescun ha recibido un aluvi\u00f3n de preguntas mientras que<strong data-node-id=\"9.1\"> las b\u00fasquedas en Google sobre el pelo de Kiko Jim\u00e9nez se han disparado.<\/strong> Todos cre\u00edamos que el pelo de Kiko estaba bien, pero parece que \u00e9l no: \u00abTen\u00eda el pelo justito\u00bb, ha confesado la propia Sof\u00eda a sus seguidores a ra\u00edz de las preguntas que ha estado recibiendo. <\/p>\n<p>El pelo, una inseguridad de Kiko Jim\u00e9nez<\/p>\n<p data-journey-content=\"true\" data-node-id=\"14\" class=\"css-6wxqfj emevuu60\">Es muy habitual en los hombres que se fijen en su cabellera despu\u00e9s de los 30 a\u00f1os. El pelo pierde fuerza en esta etapa y en muchas ocasiones tambi\u00e9n densidad, por lo que empiezan a aparecer los complejos y las inseguridades. Algunos se lo dejan largo, otros se rapan y los que pueden se someten a injertos capilares. Esto deja en evidencia que, a pesar de que la imagen de Kiko Jim\u00e9nez es de un hombre seguro, con h\u00e1bitos saludables y buen f\u00edsico, el <strong data-node-id=\"14.1\">cuidar de su imagen tambi\u00e9n le genera inseguridades y complejos, <\/strong>y uno de ellos ha sido el del pelo. Y es que tambi\u00e9n es humano.  <\/p>\n<p><img draggable=\"true\" alt=\"kiko jimenez\" title=\"kiko jimenez\" loading=\"lazy\" width=\"1640\" height=\"2914\" decoding=\"async\" data-nimg=\"1\" style=\"color:transparent;width:100%;height:auto;\"   src=\"https:\/\/www.europesays.com\/es\/wp-content\/uploads\/2025\/10\/kikojimenez-complejo-sofiasuescun-68e0f056dae72.jpg\" class=\"css-0 e1g79fud0\"\/><\/p>\n<p>Instagram<\/p>\n<p data-journey-content=\"true\" data-node-id=\"17\" class=\"css-6wxqfj emevuu60\">Horas despu\u00e9s, Kiko ha sido quien ha reconocido sus problemas: \u00abTambi\u00e9n reconozco que empezaba a tener complejo porque a pesar de llevar el pelo rizado y largo, no se apreciaba (o al menos yo hac\u00eda por donde para que no se apreciase)<strong data-node-id=\"17.1\"> pero ten\u00eda clareos importantes y ten\u00eda que hacer algo para remediarlo<\/strong>. Por eso he decidido ponerme en manos de los mejores y acabar con esto de lleno\u00bb.<\/p>\n<p>Un retoque cada vez m\u00e1s habitual<\/p>\n<p data-journey-content=\"true\" data-node-id=\"20\" class=\"css-6wxqfj emevuu60\">Los implantes capilares son cada vez m\u00e1s habituales. Hace a\u00f1os ya habl\u00e1bamos de m\u00e1s de una decena de famosos que hab\u00edan pasado por el quir\u00f3fano para ello: <a href=\"https:\/\/www.diezminutos.es\/famosos-corazon\/famosos-espanoles\/g40186173\/famosos-espanoles-implante-capilar\/\" target=\"_blank\" data-vars-ga-outbound-link=\"https:\/\/www.diezminutos.es\/famosos-corazon\/famosos-espanoles\/g40186173\/famosos-espanoles-implante-capilar\/\" data-vars-ga-ux-element=\"Hyperlink\" data-vars-ga-call-to-action=\"Kiko Matamoros, Omar S\u00e1nchez, Carlos Lozano o incluso el propio Rafa Nadal,\" data-node-id=\"20.1\" class=\"body-link css-177bzfx emevuu60\" rel=\"nofollow noopener\">Kiko Matamoros, Omar S\u00e1nchez, Carlos Lozano o incluso el propio Rafa Nadal,<\/a> que antes de injertarse hab\u00eda tenido el pelo largo, han sido algunos de los que se han puesto pelo. M\u00e1s recientemente <strong data-node-id=\"20.3\">hemos podido ver a David Beckham o Kiko Hern\u00e1ndez.<\/strong><\/p>\n<p><strong data-node-id=\"21.0\">Las consecuencias de los disgustos<br data-node-id=\"21.0.1\"\/><\/strong><\/p>\n<p data-journey-content=\"true\" data-node-id=\"23\" class=\"css-6wxqfj emevuu60\">Seg\u00fan la ciencia, la salud de nuestro pelo est\u00e1 directamente relacionada con el estr\u00e9s, y los disgustos no son buenos amigos. Por eso, <a href=\"https:\/\/www.diezminutos.es\/famosos-corazon\/famosos-espanoles\/a68083275\/cristian-suescun-maite-galdeano-reencuentro-de-viernes-culpa-kiko-jimenez\/\" target=\"_blank\" data-vars-ga-outbound-link=\"https:\/\/www.diezminutos.es\/famosos-corazon\/famosos-espanoles\/a68083275\/cristian-suescun-maite-galdeano-reencuentro-de-viernes-culpa-kiko-jimenez\/\" data-vars-ga-ux-element=\"Hyperlink\" data-vars-ga-call-to-action=\"la mala racha de Kiko Jim\u00e9nez y Sof\u00eda Suescun\" data-node-id=\"23.1\" class=\"body-link css-177bzfx emevuu60\" rel=\"nofollow noopener\">la mala racha de Kiko Jim\u00e9nez y Sof\u00eda Suescun<\/a>, que han vivido en el \u00faltimo a\u00f1o duras acusaciones por parte de la familia de Sof\u00eda y revelaciones de una posible infidelidad, es un posible detonante de esta ca\u00edda de pelo, que tambi\u00e9n ha tenido su efecto en la propia Sof\u00eda, tal y como ella lo ha compartido. No cay\u00e9ndosele el pelo, <strong data-node-id=\"23.3\">pero s\u00ed teniendo cada vez m\u00e1s canas. <\/strong><\/p>\n<p><img draggable=\"true\" alt=\"sofia suescun canas\" title=\"sofia suescun canas\" loading=\"lazy\" width=\"1640\" height=\"2914\" decoding=\"async\" data-nimg=\"1\" style=\"color:transparent;width:100%;height:auto;\"   src=\"https:\/\/www.europesays.com\/es\/wp-content\/uploads\/2025\/10\/sofiasuescun-canas-68e0efacdc8cb.jpg\" class=\"css-0 e1g79fud0\"\/><\/p>\n<p>Instagram<\/p>\n<p data-journey-content=\"true\" data-node-id=\"26\" class=\"css-6wxqfj emevuu60\">Con este paso, Kiko demuestra que hasta los rostros m\u00e1s seguros tambi\u00e9n conviven con sus inseguridades. <strong data-node-id=\"26.1\">El injerto capilar no solo marca un antes y un despu\u00e9s en su imagen,<\/strong> tambi\u00e9n deja claro que cuidar el f\u00edsico no es una cuesti\u00f3n de vanidad, sino de sentirse bien con uno mismo.<\/p>\n<p><img src=\"https:\/\/www.europesays.com\/es\/wp-content\/uploads\/2025\/10\/1759607891_407_323095e3-d675-4360-ad79-c3a735f161a1_1681830139.file\" alt=\"Headshot of Aroa D\u00edaz\" title=\"Headshot of Aroa D\u00edaz\" width=\"100%\" height=\"100%\" decoding=\"async\" loading=\"lazy\" class=\"css-o0wq4v ev8dhu53\"\/><\/p>\n<p>Aroa D\u00edaz es experta en realities, televisi\u00f3n y actualidad en general. No hay momento del d\u00eda en el que no tenga encendida la televisi\u00f3n conociendo los \u00faltimos desvelos de los famosos, disfrutando de los realities como Supervivientes o de los concursos m\u00e1s rocambolescos. Las \u00faltimas novedades de los famosos del coraz\u00f3n son su perdici\u00f3n y la actualidad de las Casas Reales, su gran pasi\u00f3n. \u00a0\u00a0<\/p>\n<p>En sus ratos libres disfruta de las pel\u00edculas y series de moda, y bucea por los cat\u00e1logos de las plataformas de podcast buscando nuevas entrevistas y charlas de famosos.<\/p>\n<p>Adem\u00e1s, no ha parado de formarse en todos los aspectos convirti\u00e9ndose en una periodista 360: locuci\u00f3n, doblaje, grabaci\u00f3n de v\u00eddeo, periodismo m\u00f3vil, producci\u00f3n de podcast y SEO. Actualmente est\u00e1 form\u00e1ndose en el M\u00e1ster universitario de Periodismo y Comunicaci\u00f3n Digital: Datos y Nuevas Narrativas de la UOC.<\/p>\n<p>Graduada en periodismo por la Universidad Rey Juan Carlos, no ha parado de trabajar desde que obtuvo su t\u00edtulo all\u00e1 por el 2013. Despu\u00e9s de un breve impass en Palma de Mallorca, volvi\u00f3 a Legan\u00e9s donde arranc\u00f3 su experiencia con Legan\u00e9s Activo. En este tiempo he pasado por las redacciones de varios medios recayendo finalmente en Hearst Espa\u00f1a (Telenovela, Qu\u00e9 me dices y Diez Minutos). Tambi\u00e9n tiene experiencia en diferentes radios. \u00a0<\/p>\n","protected":false},"excerpt":{"rendered":"Kiko Jim\u00e9nez ha sorprendido a sus seguidores con un cambio que no ha pasado desapercibido. No lo ha&hellip;\n","protected":false},"author":2,"featured_media":156991,"comment_status":"","ping_status":"","sticky":false,"template":"","format":"standard","meta":{"footnotes":""},"categories":[91],"tags":[253,146,147,25,24,23],"class_list":{"0":"post-156990","1":"post","2":"type-post","3":"status-publish","4":"format-standard","5":"has-post-thumbnail","7":"category-entretenimiento","8":"tag-discover","9":"tag-entertainment","10":"tag-entretenimiento","11":"tag-es","12":"tag-espana","13":"tag-spain"},"share_on_mastodon":{"url":"","error":""},"_links":{"self":[{"href":"https:\/\/www.europesays.com\/es\/wp-json\/wp\/v2\/posts\/156990","targetHints":{"allow":["GET"]}}],"collection":[{"href":"https:\/\/www.europesays.com\/es\/wp-json\/wp\/v2\/posts"}],"about":[{"href":"https:\/\/www.europesays.com\/es\/wp-json\/wp\/v2\/types\/post"}],"author":[{"embeddable":true,"href":"https:\/\/www.europesays.com\/es\/wp-json\/wp\/v2\/users\/2"}],"replies":[{"embeddable":true,"href":"https:\/\/www.europesays.com\/es\/wp-json\/wp\/v2\/comments?post=156990"}],"version-history":[{"count":0,"href":"https:\/\/www.europesays.com\/es\/wp-json\/wp\/v2\/posts\/156990\/revisions"}],"wp:featuredmedia":[{"embeddable":true,"href":"https:\/\/www.europesays.com\/es\/wp-json\/wp\/v2\/media\/156991"}],"wp:attachment":[{"href":"https:\/\/www.europesays.com\/es\/wp-json\/wp\/v2\/media?parent=156990"}],"wp:term":[{"taxonomy":"category","embeddable":true,"href":"https:\/\/www.europesays.com\/es\/wp-json\/wp\/v2\/categories?post=156990"},{"taxonomy":"post_tag","embeddable":true,"href":"https:\/\/www.europesays.com\/es\/wp-json\/wp\/v2\/tags?post=156990"}],"curies":[{"name":"wp","href":"https:\/\/api.w.org\/{rel}","templated":true}]}}